{"id":298566,"date":"2023-05-24T17:10:32","date_gmt":"2023-05-24T14:10:32","guid":{"rendered":"http:\/\/sana.sy\/es\/?p=298566"},"modified":"2023-05-24T17:10:32","modified_gmt":"2023-05-24T14:10:32","slug":"shoigu-rusia-respondera-duro-a-cualquier-sabotaje-ucraniano","status":"publish","type":"post","link":"https:\/\/archive.sana.sy\/es\/?p=298566","title":{"rendered":"Shoig\u00fa: Rusia responder\u00e1 duro a cualquier sabotaje ucraniano"},"content":{"rendered":"<p style=\"text-align: justify\"><span style=\"color: #800000\"><strong>Mosc\u00fa, 24 may (SANA)<\/strong><\/span> El ministro ruso de Defensa, Sergei Shoig\u00fa, afirm\u00f3 hoy que las fuerzas rusas responder\u00e1n en\u00e9rgica y duramente a cualquier operaci\u00f3n de sabotaje ucraniana, en referencia al reciente ataque contra la provincia rusa de Belgorod.<\/p>\n<p style=\"text-align: justify\">Durante una reuni\u00f3n en el Ministerio de Defensa, el ministro revel\u00f3 que 70 militares de Kiev fueron liquidados y varios de sus veh\u00edculos blindados quedaron destruidos.<\/p>\n<p style=\"text-align: justify\">Responderemos r\u00e1pida y severamente a tales acciones, manifest\u00f3.<\/p>\n<p style=\"text-align: justify\">El gobernador de la regi\u00f3n rusa de Belgorod, Vyacheslav Gladkov, anunci\u00f3 anteriormente que un grupo ucraniano de sabotaje y reconocimiento hab\u00eda entrado en la ciudad de Grivoron en la regi\u00f3n de Belgorod.<\/p>\n<p style=\"text-align: justify\">\nfm\/la<\/p>\n","protected":false},"excerpt":{"rendered":"<p>Mosc\u00fa, 24 may (SANA) El ministro ruso de Defensa, Sergei Shoig\u00fa, afirm\u00f3 hoy que las fuerzas rusas responder\u00e1n en\u00e9rgica y duramente a cualquier operaci\u00f3n de sabotaje ucraniana, en referencia al reciente ataque contra la provincia rusa de Belgorod. Durante una reuni\u00f3n en el Ministerio de Defensa, el ministro revel\u00f3 que 70 militares de Kiev fueron &hellip;<\/p>\n","protected":false},"author":24,"featured_media":298567,"comment_status":"closed","ping_status":"closed","sticky":false,"template":"","format":"standard","meta":{"footnotes":""},"categories":[597,456,16687,20724,7541],"tags":[20817,20964,20357],"class_list":["post-298566","post","type-post","status-publish","format-standard","has-post-thumbnail","","category-cinta-de-noticias","category-arabe-internacional-politica","category-internacionales","category-minuto-a-minuto","category-ultimas-noticias","tag-belgorod","tag-shoigu","tag-ucrania"],"_links":{"self":[{"href":"https:\/\/archive.sana.sy\/es\/index.php?rest_route=\/wp\/v2\/posts\/298566"}],"collection":[{"href":"https:\/\/archive.sana.sy\/es\/index.php?rest_route=\/wp\/v2\/posts"}],"about":[{"href":"https:\/\/archive.sana.sy\/es\/index.php?rest_route=\/wp\/v2\/types\/post"}],"author":[{"embeddable":true,"href":"https:\/\/archive.sana.sy\/es\/index.php?rest_route=\/wp\/v2\/users\/24"}],"replies":[{"embeddable":true,"href":"https:\/\/archive.sana.sy\/es\/index.php?rest_route=%2Fwp%2Fv2%2Fcomments&post=298566"}],"version-history":[{"count":1,"href":"https:\/\/archive.sana.sy\/es\/index.php?rest_route=\/wp\/v2\/posts\/298566\/revisions"}],"predecessor-version":[{"id":298568,"href":"https:\/\/archive.sana.sy\/es\/index.php?rest_route=\/wp\/v2\/posts\/298566\/revisions\/298568"}],"wp:featuredmedia":[{"embeddable":true,"href":"https:\/\/archive.sana.sy\/es\/index.php?rest_route=\/wp\/v2\/media\/298567"}],"wp:attachment":[{"href":"https:\/\/archive.sana.sy\/es\/index.php?rest_route=%2Fwp%2Fv2%2Fmedia&parent=298566"}],"wp:term":[{"taxonomy":"category","embeddable":true,"href":"https:\/\/archive.sana.sy\/es\/index.php?rest_route=%2Fwp%2Fv2%2Fcategories&post=298566"},{"taxonomy":"post_tag","embeddable":true,"href":"https:\/\/archive.sana.sy\/es\/index.php?rest_route=%2Fwp%2Fv2%2Ftags&post=298566"}],"curies":[{"name":"wp","href":"https:\/\/api.w.org\/{rel}","templated":true}]}}