{"id":298610,"date":"2023-05-24T18:52:26","date_gmt":"2023-05-24T15:52:26","guid":{"rendered":"http:\/\/sana.sy\/es\/?p=298610"},"modified":"2023-05-24T20:52:45","modified_gmt":"2023-05-24T17:52:45","slug":"venezuela-denuncia-que-el-tercio-del-planeta-sufre-hoy-del-terrorismo-economico-de-eeuu","status":"publish","type":"post","link":"https:\/\/archive.sana.sy\/es\/?p=298610","title":{"rendered":"Venezuela denuncia que el tercio del planeta sufre hoy del terrorismo econ\u00f3mico de EEUU"},"content":{"rendered":"<p style=\"text-align: justify\"><span style=\"color: #800000\"><strong>Caracas, 24 may (SANA)<\/strong><\/span> Venezuela denunci\u00f3 que EEUU usa la coerci\u00f3n como pol\u00edtica exterior, sin importar el impacto de sus injustas medidas sobre las vidas humanas.<\/p>\n<p style=\"text-align: justify\">En un comunicado, la Canciller\u00eda venezolana denunci\u00f3 que un tercio del planeta sufre hoy del terrorismo econ\u00f3mico, pol\u00edtico y financiero de EEUU, denunciando que las medidas unilaterales estadounidenses se han convertido en un impedimento ante el camino del desarrollo y la estabilidad mundiales.<\/p>\n<p style=\"text-align: justify\">Critic\u00f3 que las supuestas guerras antiterrrositas guiadas por Washington, han costado a la humanidad cerca de 4,5 millones de v\u00edctimas mortales y p\u00e9rdidas estimadas en 8 mil millones de d\u00f3lares.<\/p>\n<p style=\"text-align: justify\">\u201cEl resultado ha sido exacerbar la inseguridad global y alentar la proliferaci\u00f3n de grupos extremistas que tienen el odio como bandera\u201d, subray\u00f3.<\/p>\n<p style=\"text-align: justify\">En este contexto, Venezuela exigi\u00f3 a EEUU respetar el derecho internacional y volver a la acci\u00f3n diplom\u00e1tica con el fin de fortalecer la estabilidad y la paz mundial.<\/p>\n<p style=\"text-align: justify\">la<\/p>\n","protected":false},"excerpt":{"rendered":"<p>Caracas, 24 may (SANA) Venezuela denunci\u00f3 que EEUU usa la coerci\u00f3n como pol\u00edtica exterior, sin importar el impacto de sus injustas medidas sobre las vidas humanas. En un comunicado, la Canciller\u00eda venezolana denunci\u00f3 que un tercio del planeta sufre hoy del terrorismo econ\u00f3mico, pol\u00edtico y financiero de EEUU, denunciando que las medidas unilaterales estadounidenses se &hellip;<\/p>\n","protected":false},"author":24,"featured_media":80717,"comment_status":"closed","ping_status":"closed","sticky":false,"template":"","format":"standard","meta":{"footnotes":""},"categories":[597,456,16687,20724,7541],"tags":[22109,7132,8881],"class_list":["post-298610","post","type-post","status-publish","format-standard","has-post-thumbnail","","category-cinta-de-noticias","category-arabe-internacional-politica","category-internacionales","category-minuto-a-minuto","category-ultimas-noticias","tag-coercion","tag-eeuu","tag-venezuela"],"_links":{"self":[{"href":"https:\/\/archive.sana.sy\/es\/index.php?rest_route=\/wp\/v2\/posts\/298610"}],"collection":[{"href":"https:\/\/archive.sana.sy\/es\/index.php?rest_route=\/wp\/v2\/posts"}],"about":[{"href":"https:\/\/archive.sana.sy\/es\/index.php?rest_route=\/wp\/v2\/types\/post"}],"author":[{"embeddable":true,"href":"https:\/\/archive.sana.sy\/es\/index.php?rest_route=\/wp\/v2\/users\/24"}],"replies":[{"embeddable":true,"href":"https:\/\/archive.sana.sy\/es\/index.php?rest_route=%2Fwp%2Fv2%2Fcomments&post=298610"}],"version-history":[{"count":1,"href":"https:\/\/archive.sana.sy\/es\/index.php?rest_route=\/wp\/v2\/posts\/298610\/revisions"}],"predecessor-version":[{"id":298611,"href":"https:\/\/archive.sana.sy\/es\/index.php?rest_route=\/wp\/v2\/posts\/298610\/revisions\/298611"}],"wp:featuredmedia":[{"embeddable":true,"href":"https:\/\/archive.sana.sy\/es\/index.php?rest_route=\/wp\/v2\/media\/80717"}],"wp:attachment":[{"href":"https:\/\/archive.sana.sy\/es\/index.php?rest_route=%2Fwp%2Fv2%2Fmedia&parent=298610"}],"wp:term":[{"taxonomy":"category","embeddable":true,"href":"https:\/\/archive.sana.sy\/es\/index.php?rest_route=%2Fwp%2Fv2%2Fcategories&post=298610"},{"taxonomy":"post_tag","embeddable":true,"href":"https:\/\/archive.sana.sy\/es\/index.php?rest_route=%2Fwp%2Fv2%2Ftags&post=298610"}],"curies":[{"name":"wp","href":"https:\/\/api.w.org\/{rel}","templated":true}]}}