{"id":298621,"date":"2023-05-25T10:37:43","date_gmt":"2023-05-25T07:37:43","guid":{"rendered":"https:\/\/sana.sy\/es\/?p=298621"},"modified":"2023-05-25T10:37:43","modified_gmt":"2023-05-25T07:37:43","slug":"posicion-de-siria-en-el-mundo-arabe-es-incuestionable-afirma-kobza","status":"publish","type":"post","link":"https:\/\/archive.sana.sy\/es\/?p=298621","title":{"rendered":"Posici\u00f3n de Siria en el mundo \u00e1rabe es incuestionable, afirma Kobza"},"content":{"rendered":"<p style=\"text-align: justify;\"><span style=\"color: #800000;\"><strong>Praga, 25 may (SANA) <\/strong><\/span>El diputado en la C\u00e1mara de Representantes en la Rep\u00fablica Checa, Jerji Kobza, dijo hoy que el regreso de Siria a la Liga \u00c1rabe y su participaci\u00f3n en la cumbre de Jeddah representan un avance muy positivo que demuestra su gran e innegociable posici\u00f3n en el mundo \u00e1rabe.<\/p>\n<p style=\"text-align: justify;\">\u201cSiria y su gobierno tienen una posici\u00f3n indiscutible en el mundo \u00e1rabe y esperamos que con la ayuda de los pa\u00edses \u00e1rabes se arranque el proceso de reconstrucci\u00f3n,\u201d agreg\u00f3 Kobza.<\/p>\n<p style=\"text-align: justify;\">Tambi\u00e9n, subray\u00f3 la importancia de la unidad entre los pa\u00edses \u00e1rabes, la liberaci\u00f3n de las influencias extranjeras, especialmente despu\u00e9s de que algunos pa\u00edses \u00e1rabes se dieron cuenta de que las guerras son costosas y a menudo absurdas&#8221;.<\/p>\n<p style=\"text-align: justify;\">as\/fm<\/p>\n","protected":false},"excerpt":{"rendered":"<p>Praga, 25 may (SANA) El diputado en la C\u00e1mara de Representantes en la Rep\u00fablica Checa, Jerji Kobza, dijo hoy que el regreso de Siria a la Liga \u00c1rabe y su participaci\u00f3n en la cumbre de Jeddah representan un avance muy positivo que demuestra su gran e innegociable posici\u00f3n en el mundo \u00e1rabe. \u201cSiria y su &hellip;<\/p>\n","protected":false},"author":42,"featured_media":298622,"comment_status":"closed","ping_status":"closed","sticky":false,"template":"","format":"standard","meta":{"footnotes":""},"categories":[597,456,16687,20724,7541],"tags":[],"class_list":["post-298621","post","type-post","status-publish","format-standard","has-post-thumbnail","","category-cinta-de-noticias","category-arabe-internacional-politica","category-internacionales","category-minuto-a-minuto","category-ultimas-noticias"],"_links":{"self":[{"href":"https:\/\/archive.sana.sy\/es\/index.php?rest_route=\/wp\/v2\/posts\/298621"}],"collection":[{"href":"https:\/\/archive.sana.sy\/es\/index.php?rest_route=\/wp\/v2\/posts"}],"about":[{"href":"https:\/\/archive.sana.sy\/es\/index.php?rest_route=\/wp\/v2\/types\/post"}],"author":[{"embeddable":true,"href":"https:\/\/archive.sana.sy\/es\/index.php?rest_route=\/wp\/v2\/users\/42"}],"replies":[{"embeddable":true,"href":"https:\/\/archive.sana.sy\/es\/index.php?rest_route=%2Fwp%2Fv2%2Fcomments&post=298621"}],"version-history":[{"count":1,"href":"https:\/\/archive.sana.sy\/es\/index.php?rest_route=\/wp\/v2\/posts\/298621\/revisions"}],"predecessor-version":[{"id":298623,"href":"https:\/\/archive.sana.sy\/es\/index.php?rest_route=\/wp\/v2\/posts\/298621\/revisions\/298623"}],"wp:featuredmedia":[{"embeddable":true,"href":"https:\/\/archive.sana.sy\/es\/index.php?rest_route=\/wp\/v2\/media\/298622"}],"wp:attachment":[{"href":"https:\/\/archive.sana.sy\/es\/index.php?rest_route=%2Fwp%2Fv2%2Fmedia&parent=298621"}],"wp:term":[{"taxonomy":"category","embeddable":true,"href":"https:\/\/archive.sana.sy\/es\/index.php?rest_route=%2Fwp%2Fv2%2Fcategories&post=298621"},{"taxonomy":"post_tag","embeddable":true,"href":"https:\/\/archive.sana.sy\/es\/index.php?rest_route=%2Fwp%2Fv2%2Ftags&post=298621"}],"curies":[{"name":"wp","href":"https:\/\/api.w.org\/{rel}","templated":true}]}}