{"id":298649,"date":"2023-05-25T14:21:12","date_gmt":"2023-05-25T11:21:12","guid":{"rendered":"http:\/\/sana.sy\/es\/?p=298649"},"modified":"2023-05-25T14:21:12","modified_gmt":"2023-05-25T11:21:12","slug":"foreign-policy-occidente-estudia-opciones-para-el-uso-de-cazas-f-16-para-apoyar-a-kiev","status":"publish","type":"post","link":"https:\/\/archive.sana.sy\/es\/?p=298649","title":{"rendered":"Foreign Policy: Occidente\u00a0estudia opciones para el uso de cazas F-16 para apoyar a Kiev"},"content":{"rendered":"<p style=\"text-align: justify;\"><span style=\"color: #800000;\"><strong>Washington, 25 may (SANA)\u00a0 \u00a0<\/strong><\/span>La revista Foreign Policy revel\u00f3 que los funcionarios de Europa y Ucrania comenzaron a estudiar escenarios para el uso de cazas F-16 para &#8220;varios objetivos&#8221;, el principal de los cuales es el apoyo a Kiev.<\/p>\n<p style=\"text-align: justify;\">&#8220;Los funcionarios de Europa del Este y otros en Ucrania est\u00e1n haciendo planes para usar los cazas para apoyar las defensas a\u00e9reas de Ucrania y pars otros fines, incluida la escolta de barcos que transportan granos a trav\u00e9s del Mar Negro, indic\u00f3 la revista.<\/p>\n<p style=\"text-align: justify;\">Las declaraciones oficiales occidentales indicaron que el entrenamiento de las Fuerzas Armadas de Ucrania para maniobrar cazas F-16 se llevar\u00e1 a cabo en Gran Breta\u00f1a.<\/p>\n<p style=\"text-align: justify;\">El presidente de EE. UU., Joe Biden, anunci\u00f3\u00a0durante la cumbre del G-7 en Jap\u00f3n la intenci\u00f3n de los aliados occidentales de comenzar a entrenar a pilotos ucranianos para comendar cazas estadounidenses F-16 y otros cazas de cuarta generaci\u00f3n.<\/p>\n<p style=\"text-align: justify;\">ed\/fm<\/p>\n","protected":false},"excerpt":{"rendered":"<p>Washington, 25 may (SANA)\u00a0 \u00a0La revista Foreign Policy revel\u00f3 que los funcionarios de Europa y Ucrania comenzaron a estudiar escenarios para el uso de cazas F-16 para &#8220;varios objetivos&#8221;, el principal de los cuales es el apoyo a Kiev. &#8220;Los funcionarios de Europa del Este y otros en Ucrania est\u00e1n haciendo planes para usar los &hellip;<\/p>\n","protected":false},"author":32,"featured_media":298651,"comment_status":"closed","ping_status":"closed","sticky":false,"template":"","format":"standard","meta":{"footnotes":""},"categories":[597,456,16687,20724,7541],"tags":[],"class_list":["post-298649","post","type-post","status-publish","format-standard","has-post-thumbnail","","category-cinta-de-noticias","category-arabe-internacional-politica","category-internacionales","category-minuto-a-minuto","category-ultimas-noticias"],"_links":{"self":[{"href":"https:\/\/archive.sana.sy\/es\/index.php?rest_route=\/wp\/v2\/posts\/298649"}],"collection":[{"href":"https:\/\/archive.sana.sy\/es\/index.php?rest_route=\/wp\/v2\/posts"}],"about":[{"href":"https:\/\/archive.sana.sy\/es\/index.php?rest_route=\/wp\/v2\/types\/post"}],"author":[{"embeddable":true,"href":"https:\/\/archive.sana.sy\/es\/index.php?rest_route=\/wp\/v2\/users\/32"}],"replies":[{"embeddable":true,"href":"https:\/\/archive.sana.sy\/es\/index.php?rest_route=%2Fwp%2Fv2%2Fcomments&post=298649"}],"version-history":[{"count":1,"href":"https:\/\/archive.sana.sy\/es\/index.php?rest_route=\/wp\/v2\/posts\/298649\/revisions"}],"predecessor-version":[{"id":298652,"href":"https:\/\/archive.sana.sy\/es\/index.php?rest_route=\/wp\/v2\/posts\/298649\/revisions\/298652"}],"wp:featuredmedia":[{"embeddable":true,"href":"https:\/\/archive.sana.sy\/es\/index.php?rest_route=\/wp\/v2\/media\/298651"}],"wp:attachment":[{"href":"https:\/\/archive.sana.sy\/es\/index.php?rest_route=%2Fwp%2Fv2%2Fmedia&parent=298649"}],"wp:term":[{"taxonomy":"category","embeddable":true,"href":"https:\/\/archive.sana.sy\/es\/index.php?rest_route=%2Fwp%2Fv2%2Fcategories&post=298649"},{"taxonomy":"post_tag","embeddable":true,"href":"https:\/\/archive.sana.sy\/es\/index.php?rest_route=%2Fwp%2Fv2%2Ftags&post=298649"}],"curies":[{"name":"wp","href":"https:\/\/api.w.org\/{rel}","templated":true}]}}