{"id":298650,"date":"2023-05-25T14:22:05","date_gmt":"2023-05-25T11:22:05","guid":{"rendered":"https:\/\/sana.sy\/es\/?p=298650"},"modified":"2023-05-25T14:22:05","modified_gmt":"2023-05-25T11:22:05","slug":"siria-condena-ataque-terrorista-en-la-frontera-entre-iran-y-pakistan","status":"publish","type":"post","link":"https:\/\/archive.sana.sy\/es\/?p=298650","title":{"rendered":"Siria condena ataque terrorista en la frontera entre Ir\u00e1n y Pakist\u00e1n"},"content":{"rendered":"<p style=\"text-align: justify;\"><span style=\"color: #800000;\"><strong>Damasco, 25 may (SANA)<\/strong><\/span>\u00a0 Siria expres\u00f3 su en\u00e9rgica condena al ataque terrorista perpetrado por personas armadas no identificadas en la frontera iran\u00ed-paquistan\u00ed de la ciudad de Sarawan en la provincia de Sist\u00e1n y Baluchist\u00e1n, rn el sureste de Ir\u00e1n.<\/p>\n<p style=\"text-align: justify;\">En un comunicado emitido este jueves, la Canciller\u00eda afirm\u00f3 que este acto terrorista cobarde tiene como objetivo golpear la estabilidad transfronteriza entre ambos pa\u00edses e impide la cooperaci\u00f3n y el intercambio comercial entre los dos pueblos.<\/p>\n<p style=\"text-align: justify;\">Al concluir la nota, ofreci\u00f3 las sinceras condolencias al pueblo iran\u00ed\u00a0 por\u00a0 la muerte de cuatro militares iran\u00edes y reiter\u00f3 su apego al di\u00e1logo diplom\u00e1tico como medio para encontrar soluci\u00f3n pac\u00edfica a los conflictos entre pa\u00edses.<\/p>\n<p style=\"text-align: justify;\">ws\/fm\/as<\/p>\n","protected":false},"excerpt":{"rendered":"<p>Damasco, 25 may (SANA)\u00a0 Siria expres\u00f3 su en\u00e9rgica condena al ataque terrorista perpetrado por personas armadas no identificadas en la frontera iran\u00ed-paquistan\u00ed de la ciudad de Sarawan en la provincia de Sist\u00e1n y Baluchist\u00e1n, rn el sureste de Ir\u00e1n. En un comunicado emitido este jueves, la Canciller\u00eda afirm\u00f3 que este acto terrorista cobarde tiene como &hellip;<\/p>\n","protected":false},"author":42,"featured_media":298653,"comment_status":"closed","ping_status":"closed","sticky":false,"template":"","format":"standard","meta":{"footnotes":""},"categories":[597,20724,467,7541],"tags":[],"class_list":["post-298650","post","type-post","status-publish","format-standard","has-post-thumbnail","","category-cinta-de-noticias","category-minuto-a-minuto","category-siria-y-el-mundo","category-ultimas-noticias"],"_links":{"self":[{"href":"https:\/\/archive.sana.sy\/es\/index.php?rest_route=\/wp\/v2\/posts\/298650"}],"collection":[{"href":"https:\/\/archive.sana.sy\/es\/index.php?rest_route=\/wp\/v2\/posts"}],"about":[{"href":"https:\/\/archive.sana.sy\/es\/index.php?rest_route=\/wp\/v2\/types\/post"}],"author":[{"embeddable":true,"href":"https:\/\/archive.sana.sy\/es\/index.php?rest_route=\/wp\/v2\/users\/42"}],"replies":[{"embeddable":true,"href":"https:\/\/archive.sana.sy\/es\/index.php?rest_route=%2Fwp%2Fv2%2Fcomments&post=298650"}],"version-history":[{"count":1,"href":"https:\/\/archive.sana.sy\/es\/index.php?rest_route=\/wp\/v2\/posts\/298650\/revisions"}],"predecessor-version":[{"id":298654,"href":"https:\/\/archive.sana.sy\/es\/index.php?rest_route=\/wp\/v2\/posts\/298650\/revisions\/298654"}],"wp:featuredmedia":[{"embeddable":true,"href":"https:\/\/archive.sana.sy\/es\/index.php?rest_route=\/wp\/v2\/media\/298653"}],"wp:attachment":[{"href":"https:\/\/archive.sana.sy\/es\/index.php?rest_route=%2Fwp%2Fv2%2Fmedia&parent=298650"}],"wp:term":[{"taxonomy":"category","embeddable":true,"href":"https:\/\/archive.sana.sy\/es\/index.php?rest_route=%2Fwp%2Fv2%2Fcategories&post=298650"},{"taxonomy":"post_tag","embeddable":true,"href":"https:\/\/archive.sana.sy\/es\/index.php?rest_route=%2Fwp%2Fv2%2Ftags&post=298650"}],"curies":[{"name":"wp","href":"https:\/\/api.w.org\/{rel}","templated":true}]}}