{"id":298676,"date":"2023-05-25T14:43:45","date_gmt":"2023-05-25T11:43:45","guid":{"rendered":"http:\/\/sana.sy\/es\/?p=298676"},"modified":"2023-05-25T19:44:22","modified_gmt":"2023-05-25T16:44:22","slug":"siria-y-egipto-abogan-por-fortalecer-vinculos-de-trabajo-conjunto","status":"publish","type":"post","link":"https:\/\/archive.sana.sy\/es\/?p=298676","title":{"rendered":"Siria y Egipto abogan por fortalecer v\u00ednculos de trabajo conjunto"},"content":{"rendered":"<p style=\"text-align: justify;\"><span style=\"color: #800000;\"><strong>El Cairo, 25 may (SANA)\u00a0<\/strong> \u00a0<\/span> El ministro de Asuntos Sociales y Trabajo de Siria, Louay Al-Munajjid, examin\u00f3 con el jefe de la Junta Directiva de la Autoridad Nacional del Seguro Social de Egipto, Mayor General Gamal Awad, las relaciones de trabajo conjunto entre los dos pa\u00edses y la importancia de fortalecerlas.<\/p>\n<p style=\"text-align: justify;\">El encuentro se da en el marco de la visita del ministro Al-Munajjid a la Rep\u00fablica \u00c1rabe de Egipto, para participar en las actividades de la 49 sesi\u00f3n de la Conferencia \u00c1rabe del Trabajo que se realiza del 22 al 29 de este mes.<\/p>\n<p style=\"text-align: justify;\">Durante la reuni\u00f3n, las dos partes acordaron continuar la coordinaci\u00f3n para extender la protecci\u00f3n social a los ciudadanos de los dos pa\u00edses e intercambiar experiencias en varios campos de trabajo conjunto, especialmente en el \u00e1mbito de seguros e inversi\u00f3n.<\/p>\n<p style=\"text-align: justify;\">Por su parte, el titular egipcio enfatiz\u00f3 que su pa\u00eds da la bienvenida a todos los aspectos y formas de cooperaci\u00f3n con la hermana Siria en el campo de la seguridad social.<\/p>\n<p style=\"text-align: justify;\">sm<\/p>\n","protected":false},"excerpt":{"rendered":"<p>El Cairo, 25 may (SANA)\u00a0 \u00a0 El ministro de Asuntos Sociales y Trabajo de Siria, Louay Al-Munajjid, examin\u00f3 con el jefe de la Junta Directiva de la Autoridad Nacional del Seguro Social de Egipto, Mayor General Gamal Awad, las relaciones de trabajo conjunto entre los dos pa\u00edses y la importancia de fortalecerlas. El encuentro se &hellip;<\/p>\n","protected":false},"author":39,"featured_media":298677,"comment_status":"closed","ping_status":"closed","sticky":false,"template":"","format":"standard","meta":{"footnotes":""},"categories":[597,20724,467,7541],"tags":[],"class_list":["post-298676","post","type-post","status-publish","format-standard","has-post-thumbnail","","category-cinta-de-noticias","category-minuto-a-minuto","category-siria-y-el-mundo","category-ultimas-noticias"],"_links":{"self":[{"href":"https:\/\/archive.sana.sy\/es\/index.php?rest_route=\/wp\/v2\/posts\/298676"}],"collection":[{"href":"https:\/\/archive.sana.sy\/es\/index.php?rest_route=\/wp\/v2\/posts"}],"about":[{"href":"https:\/\/archive.sana.sy\/es\/index.php?rest_route=\/wp\/v2\/types\/post"}],"author":[{"embeddable":true,"href":"https:\/\/archive.sana.sy\/es\/index.php?rest_route=\/wp\/v2\/users\/39"}],"replies":[{"embeddable":true,"href":"https:\/\/archive.sana.sy\/es\/index.php?rest_route=%2Fwp%2Fv2%2Fcomments&post=298676"}],"version-history":[{"count":1,"href":"https:\/\/archive.sana.sy\/es\/index.php?rest_route=\/wp\/v2\/posts\/298676\/revisions"}],"predecessor-version":[{"id":298678,"href":"https:\/\/archive.sana.sy\/es\/index.php?rest_route=\/wp\/v2\/posts\/298676\/revisions\/298678"}],"wp:featuredmedia":[{"embeddable":true,"href":"https:\/\/archive.sana.sy\/es\/index.php?rest_route=\/wp\/v2\/media\/298677"}],"wp:attachment":[{"href":"https:\/\/archive.sana.sy\/es\/index.php?rest_route=%2Fwp%2Fv2%2Fmedia&parent=298676"}],"wp:term":[{"taxonomy":"category","embeddable":true,"href":"https:\/\/archive.sana.sy\/es\/index.php?rest_route=%2Fwp%2Fv2%2Fcategories&post=298676"},{"taxonomy":"post_tag","embeddable":true,"href":"https:\/\/archive.sana.sy\/es\/index.php?rest_route=%2Fwp%2Fv2%2Ftags&post=298676"}],"curies":[{"name":"wp","href":"https:\/\/api.w.org\/{rel}","templated":true}]}}