{"id":298802,"date":"2023-05-26T20:21:23","date_gmt":"2023-05-26T17:21:23","guid":{"rendered":"http:\/\/sana.sy\/es\/?p=298802"},"modified":"2023-05-26T20:21:23","modified_gmt":"2023-05-26T17:21:23","slug":"exposicion-de-artesanias-tradicionales-en-damasco-organizada-por-la-fundacion-documento-de-patria-wathiqat-wattan-en-arabe-fotos","status":"publish","type":"post","link":"https:\/\/archive.sana.sy\/es\/?p=298802","title":{"rendered":"Exposici\u00f3n de artesan\u00edas tradicionales en Damasco organizada por la Fundaci\u00f3n Documento de Patria \u201cWathiqat Wattan en \u00e1rabe\u201d (fotos)"},"content":{"rendered":"<p><span style=\"color: #800000;\"><strong>Damasco, 26 may (SANA)<\/strong><\/span><\/p>\n<div id='gallery-1' class='gallery galleryid-298802 gallery-columns-1 gallery-size-full'><figure class='gallery-item'>\n\t\t\t<div class='gallery-icon landscape'>\n\t\t\t\t<a href='https:\/\/archive.sana.sy\/es\/?attachment_id=298804'><img loading=\"lazy\" decoding=\"async\" width=\"1280\" height=\"853\" src=\"https:\/\/archive.sana.sy\/es\/wp-content\/uploads\/2023\/05\/Exposicion-de-artesanias-tradicionales-organizada-por-la-Fundacion-Documento-de-Patria-Wathiqat-Wattan-en-arabe-9.jpg\" class=\"attachment-full size-full\" alt=\"\" srcset=\"https:\/\/archive.sana.sy\/es\/wp-content\/uploads\/2023\/05\/Exposicion-de-artesanias-tradicionales-organizada-por-la-Fundacion-Documento-de-Patria-Wathiqat-Wattan-en-arabe-9.jpg 1280w, https:\/\/archive.sana.sy\/es\/wp-content\/uploads\/2023\/05\/Exposicion-de-artesanias-tradicionales-organizada-por-la-Fundacion-Documento-de-Patria-Wathiqat-Wattan-en-arabe-9-300x200.jpg 300w, https:\/\/archive.sana.sy\/es\/wp-content\/uploads\/2023\/05\/Exposicion-de-artesanias-tradicionales-organizada-por-la-Fundacion-Documento-de-Patria-Wathiqat-Wattan-en-arabe-9-1024x682.jpg 1024w, https:\/\/archive.sana.sy\/es\/wp-content\/uploads\/2023\/05\/Exposicion-de-artesanias-tradicionales-organizada-por-la-Fundacion-Documento-de-Patria-Wathiqat-Wattan-en-arabe-9-150x100.jpg 150w, https:\/\/archive.sana.sy\/es\/wp-content\/uploads\/2023\/05\/Exposicion-de-artesanias-tradicionales-organizada-por-la-Fundacion-Documento-de-Patria-Wathiqat-Wattan-en-arabe-9-768x512.jpg 768w\" sizes=\"(max-width: 1280px) 100vw, 1280px\" \/><\/a>\n\t\t\t<\/div><\/figure><figure class='gallery-item'>\n\t\t\t<div class='gallery-icon landscape'>\n\t\t\t\t<a href='https:\/\/archive.sana.sy\/es\/?attachment_id=298805'><img loading=\"lazy\" decoding=\"async\" width=\"1280\" height=\"853\" src=\"https:\/\/archive.sana.sy\/es\/wp-content\/uploads\/2023\/05\/Exposicion-de-artesanias-tradicionales-organizada-por-la-Fundacion-Documento-de-Patria-Wathiqat-Wattan-en-arabe-7.jpg\" class=\"attachment-full size-full\" alt=\"\" srcset=\"https:\/\/archive.sana.sy\/es\/wp-content\/uploads\/2023\/05\/Exposicion-de-artesanias-tradicionales-organizada-por-la-Fundacion-Documento-de-Patria-Wathiqat-Wattan-en-arabe-7.jpg 1280w, https:\/\/archive.sana.sy\/es\/wp-content\/uploads\/2023\/05\/Exposicion-de-artesanias-tradicionales-organizada-por-la-Fundacion-Documento-de-Patria-Wathiqat-Wattan-en-arabe-7-300x200.jpg 300w, https:\/\/archive.sana.sy\/es\/wp-content\/uploads\/2023\/05\/Exposicion-de-artesanias-tradicionales-organizada-por-la-Fundacion-Documento-de-Patria-Wathiqat-Wattan-en-arabe-7-1024x682.jpg 1024w, https:\/\/archive.sana.sy\/es\/wp-content\/uploads\/2023\/05\/Exposicion-de-artesanias-tradicionales-organizada-por-la-Fundacion-Documento-de-Patria-Wathiqat-Wattan-en-arabe-7-150x100.jpg 150w, https:\/\/archive.sana.sy\/es\/wp-content\/uploads\/2023\/05\/Exposicion-de-artesanias-tradicionales-organizada-por-la-Fundacion-Documento-de-Patria-Wathiqat-Wattan-en-arabe-7-768x512.jpg 768w\" sizes=\"(max-width: 1280px) 100vw, 1280px\" \/><\/a>\n\t\t\t<\/div><\/figure><figure class='gallery-item'>\n\t\t\t<div class='gallery-icon landscape'>\n\t\t\t\t<a href='https:\/\/archive.sana.sy\/es\/?attachment_id=298806'><img loading=\"lazy\" decoding=\"async\" width=\"1280\" height=\"853\" src=\"https:\/\/archive.sana.sy\/es\/wp-content\/uploads\/2023\/05\/Exposicion-de-artesanias-tradicionales-organizada-por-la-Fundacion-Documento-de-Patria-Wathiqat-Wattan-en-arabe-6.jpg\" class=\"attachment-full size-full\" alt=\"\" srcset=\"https:\/\/archive.sana.sy\/es\/wp-content\/uploads\/2023\/05\/Exposicion-de-artesanias-tradicionales-organizada-por-la-Fundacion-Documento-de-Patria-Wathiqat-Wattan-en-arabe-6.jpg 1280w, https:\/\/archive.sana.sy\/es\/wp-content\/uploads\/2023\/05\/Exposicion-de-artesanias-tradicionales-organizada-por-la-Fundacion-Documento-de-Patria-Wathiqat-Wattan-en-arabe-6-300x200.jpg 300w, https:\/\/archive.sana.sy\/es\/wp-content\/uploads\/2023\/05\/Exposicion-de-artesanias-tradicionales-organizada-por-la-Fundacion-Documento-de-Patria-Wathiqat-Wattan-en-arabe-6-1024x682.jpg 1024w, https:\/\/archive.sana.sy\/es\/wp-content\/uploads\/2023\/05\/Exposicion-de-artesanias-tradicionales-organizada-por-la-Fundacion-Documento-de-Patria-Wathiqat-Wattan-en-arabe-6-150x100.jpg 150w, https:\/\/archive.sana.sy\/es\/wp-content\/uploads\/2023\/05\/Exposicion-de-artesanias-tradicionales-organizada-por-la-Fundacion-Documento-de-Patria-Wathiqat-Wattan-en-arabe-6-768x512.jpg 768w\" sizes=\"(max-width: 1280px) 100vw, 1280px\" \/><\/a>\n\t\t\t<\/div><\/figure><figure class='gallery-item'>\n\t\t\t<div class='gallery-icon landscape'>\n\t\t\t\t<a href='https:\/\/archive.sana.sy\/es\/?attachment_id=298807'><img loading=\"lazy\" decoding=\"async\" width=\"1280\" height=\"853\" src=\"https:\/\/archive.sana.sy\/es\/wp-content\/uploads\/2023\/05\/Exposicion-de-artesanias-tradicionales-organizada-por-la-Fundacion-Documento-de-Patria-Wathiqat-Wattan-en-arabe-5.jpg\" class=\"attachment-full size-full\" alt=\"\" srcset=\"https:\/\/archive.sana.sy\/es\/wp-content\/uploads\/2023\/05\/Exposicion-de-artesanias-tradicionales-organizada-por-la-Fundacion-Documento-de-Patria-Wathiqat-Wattan-en-arabe-5.jpg 1280w, https:\/\/archive.sana.sy\/es\/wp-content\/uploads\/2023\/05\/Exposicion-de-artesanias-tradicionales-organizada-por-la-Fundacion-Documento-de-Patria-Wathiqat-Wattan-en-arabe-5-300x200.jpg 300w, https:\/\/archive.sana.sy\/es\/wp-content\/uploads\/2023\/05\/Exposicion-de-artesanias-tradicionales-organizada-por-la-Fundacion-Documento-de-Patria-Wathiqat-Wattan-en-arabe-5-1024x682.jpg 1024w, https:\/\/archive.sana.sy\/es\/wp-content\/uploads\/2023\/05\/Exposicion-de-artesanias-tradicionales-organizada-por-la-Fundacion-Documento-de-Patria-Wathiqat-Wattan-en-arabe-5-150x100.jpg 150w, https:\/\/archive.sana.sy\/es\/wp-content\/uploads\/2023\/05\/Exposicion-de-artesanias-tradicionales-organizada-por-la-Fundacion-Documento-de-Patria-Wathiqat-Wattan-en-arabe-5-768x512.jpg 768w\" sizes=\"(max-width: 1280px) 100vw, 1280px\" \/><\/a>\n\t\t\t<\/div><\/figure><figure class='gallery-item'>\n\t\t\t<div class='gallery-icon landscape'>\n\t\t\t\t<a href='https:\/\/archive.sana.sy\/es\/?attachment_id=298808'><img loading=\"lazy\" decoding=\"async\" width=\"1280\" height=\"853\" src=\"https:\/\/archive.sana.sy\/es\/wp-content\/uploads\/2023\/05\/Exposicion-de-artesanias-tradicionales-organizada-por-la-Fundacion-Documento-de-Patria-Wathiqat-Wattan-en-arabe-4.jpg\" class=\"attachment-full size-full\" alt=\"\" srcset=\"https:\/\/archive.sana.sy\/es\/wp-content\/uploads\/2023\/05\/Exposicion-de-artesanias-tradicionales-organizada-por-la-Fundacion-Documento-de-Patria-Wathiqat-Wattan-en-arabe-4.jpg 1280w, https:\/\/archive.sana.sy\/es\/wp-content\/uploads\/2023\/05\/Exposicion-de-artesanias-tradicionales-organizada-por-la-Fundacion-Documento-de-Patria-Wathiqat-Wattan-en-arabe-4-300x200.jpg 300w, https:\/\/archive.sana.sy\/es\/wp-content\/uploads\/2023\/05\/Exposicion-de-artesanias-tradicionales-organizada-por-la-Fundacion-Documento-de-Patria-Wathiqat-Wattan-en-arabe-4-1024x682.jpg 1024w, https:\/\/archive.sana.sy\/es\/wp-content\/uploads\/2023\/05\/Exposicion-de-artesanias-tradicionales-organizada-por-la-Fundacion-Documento-de-Patria-Wathiqat-Wattan-en-arabe-4-150x100.jpg 150w, https:\/\/archive.sana.sy\/es\/wp-content\/uploads\/2023\/05\/Exposicion-de-artesanias-tradicionales-organizada-por-la-Fundacion-Documento-de-Patria-Wathiqat-Wattan-en-arabe-4-768x512.jpg 768w\" sizes=\"(max-width: 1280px) 100vw, 1280px\" \/><\/a>\n\t\t\t<\/div><\/figure><figure class='gallery-item'>\n\t\t\t<div class='gallery-icon landscape'>\n\t\t\t\t<a href='https:\/\/archive.sana.sy\/es\/?attachment_id=298809'><img loading=\"lazy\" decoding=\"async\" width=\"1280\" height=\"853\" src=\"https:\/\/archive.sana.sy\/es\/wp-content\/uploads\/2023\/05\/Exposicion-de-artesanias-tradicionales-organizada-por-la-Fundacion-Documento-de-Patria-Wathiqat-Wattan-en-arabe-3.jpg\" class=\"attachment-full size-full\" alt=\"\" srcset=\"https:\/\/archive.sana.sy\/es\/wp-content\/uploads\/2023\/05\/Exposicion-de-artesanias-tradicionales-organizada-por-la-Fundacion-Documento-de-Patria-Wathiqat-Wattan-en-arabe-3.jpg 1280w, https:\/\/archive.sana.sy\/es\/wp-content\/uploads\/2023\/05\/Exposicion-de-artesanias-tradicionales-organizada-por-la-Fundacion-Documento-de-Patria-Wathiqat-Wattan-en-arabe-3-300x200.jpg 300w, https:\/\/archive.sana.sy\/es\/wp-content\/uploads\/2023\/05\/Exposicion-de-artesanias-tradicionales-organizada-por-la-Fundacion-Documento-de-Patria-Wathiqat-Wattan-en-arabe-3-1024x682.jpg 1024w, https:\/\/archive.sana.sy\/es\/wp-content\/uploads\/2023\/05\/Exposicion-de-artesanias-tradicionales-organizada-por-la-Fundacion-Documento-de-Patria-Wathiqat-Wattan-en-arabe-3-150x100.jpg 150w, https:\/\/archive.sana.sy\/es\/wp-content\/uploads\/2023\/05\/Exposicion-de-artesanias-tradicionales-organizada-por-la-Fundacion-Documento-de-Patria-Wathiqat-Wattan-en-arabe-3-768x512.jpg 768w\" sizes=\"(max-width: 1280px) 100vw, 1280px\" \/><\/a>\n\t\t\t<\/div><\/figure><figure class='gallery-item'>\n\t\t\t<div class='gallery-icon landscape'>\n\t\t\t\t<a href='https:\/\/archive.sana.sy\/es\/?attachment_id=298810'><img loading=\"lazy\" decoding=\"async\" width=\"1280\" height=\"853\" src=\"https:\/\/archive.sana.sy\/es\/wp-content\/uploads\/2023\/05\/Exposicion-de-artesanias-tradicionales-organizada-por-la-Fundacion-Documento-de-Patria-Wathiqat-Wattan-en-arabe-1.jpg\" class=\"attachment-full size-full\" alt=\"\" srcset=\"https:\/\/archive.sana.sy\/es\/wp-content\/uploads\/2023\/05\/Exposicion-de-artesanias-tradicionales-organizada-por-la-Fundacion-Documento-de-Patria-Wathiqat-Wattan-en-arabe-1.jpg 1280w, https:\/\/archive.sana.sy\/es\/wp-content\/uploads\/2023\/05\/Exposicion-de-artesanias-tradicionales-organizada-por-la-Fundacion-Documento-de-Patria-Wathiqat-Wattan-en-arabe-1-300x200.jpg 300w, https:\/\/archive.sana.sy\/es\/wp-content\/uploads\/2023\/05\/Exposicion-de-artesanias-tradicionales-organizada-por-la-Fundacion-Documento-de-Patria-Wathiqat-Wattan-en-arabe-1-1024x682.jpg 1024w, https:\/\/archive.sana.sy\/es\/wp-content\/uploads\/2023\/05\/Exposicion-de-artesanias-tradicionales-organizada-por-la-Fundacion-Documento-de-Patria-Wathiqat-Wattan-en-arabe-1-150x100.jpg 150w, https:\/\/archive.sana.sy\/es\/wp-content\/uploads\/2023\/05\/Exposicion-de-artesanias-tradicionales-organizada-por-la-Fundacion-Documento-de-Patria-Wathiqat-Wattan-en-arabe-1-768x512.jpg 768w\" sizes=\"(max-width: 1280px) 100vw, 1280px\" \/><\/a>\n\t\t\t<\/div><\/figure><figure class='gallery-item'>\n\t\t\t<div class='gallery-icon landscape'>\n\t\t\t\t<a href='https:\/\/archive.sana.sy\/es\/?attachment_id=298811'><img loading=\"lazy\" decoding=\"async\" width=\"660\" height=\"330\" src=\"https:\/\/archive.sana.sy\/es\/wp-content\/uploads\/2023\/05\/Exposicion-de-artesanias-tradicionales-organizada-por-la-Fundacion-Documento-de-Patria-Wathiqat-Wattan-en-arabe-1.jpeg\" class=\"attachment-full size-full\" alt=\"\" srcset=\"https:\/\/archive.sana.sy\/es\/wp-content\/uploads\/2023\/05\/Exposicion-de-artesanias-tradicionales-organizada-por-la-Fundacion-Documento-de-Patria-Wathiqat-Wattan-en-arabe-1.jpeg 660w, https:\/\/archive.sana.sy\/es\/wp-content\/uploads\/2023\/05\/Exposicion-de-artesanias-tradicionales-organizada-por-la-Fundacion-Documento-de-Patria-Wathiqat-Wattan-en-arabe-1-300x150.jpeg 300w, https:\/\/archive.sana.sy\/es\/wp-content\/uploads\/2023\/05\/Exposicion-de-artesanias-tradicionales-organizada-por-la-Fundacion-Documento-de-Patria-Wathiqat-Wattan-en-arabe-1-150x75.jpeg 150w\" sizes=\"(max-width: 660px) 100vw, 660px\" \/><\/a>\n\t\t\t<\/div><\/figure><figure class='gallery-item'>\n\t\t\t<div class='gallery-icon landscape'>\n\t\t\t\t<a href='https:\/\/archive.sana.sy\/es\/?attachment_id=298812'><img loading=\"lazy\" decoding=\"async\" width=\"660\" height=\"440\" src=\"https:\/\/archive.sana.sy\/es\/wp-content\/uploads\/2023\/05\/DSC_5808-copy.jpg\" class=\"attachment-full size-full\" alt=\"\" srcset=\"https:\/\/archive.sana.sy\/es\/wp-content\/uploads\/2023\/05\/DSC_5808-copy.jpg 660w, https:\/\/archive.sana.sy\/es\/wp-content\/uploads\/2023\/05\/DSC_5808-copy-300x200.jpg 300w, https:\/\/archive.sana.sy\/es\/wp-content\/uploads\/2023\/05\/DSC_5808-copy-150x100.jpg 150w\" sizes=\"(max-width: 660px) 100vw, 660px\" \/><\/a>\n\t\t\t<\/div><\/figure><figure class='gallery-item'>\n\t\t\t<div class='gallery-icon landscape'>\n\t\t\t\t<a href='https:\/\/archive.sana.sy\/es\/?attachment_id=298813'><img loading=\"lazy\" decoding=\"async\" width=\"660\" height=\"440\" src=\"https:\/\/archive.sana.sy\/es\/wp-content\/uploads\/2023\/05\/DSC_5653-copy.jpg\" class=\"attachment-full size-full\" alt=\"\" srcset=\"https:\/\/archive.sana.sy\/es\/wp-content\/uploads\/2023\/05\/DSC_5653-copy.jpg 660w, https:\/\/archive.sana.sy\/es\/wp-content\/uploads\/2023\/05\/DSC_5653-copy-300x200.jpg 300w, https:\/\/archive.sana.sy\/es\/wp-content\/uploads\/2023\/05\/DSC_5653-copy-150x100.jpg 150w\" sizes=\"(max-width: 660px) 100vw, 660px\" \/><\/a>\n\t\t\t<\/div><\/figure><figure class='gallery-item'>\n\t\t\t<div class='gallery-icon landscape'>\n\t\t\t\t<a href='https:\/\/archive.sana.sy\/es\/?attachment_id=298814'><img loading=\"lazy\" decoding=\"async\" width=\"660\" height=\"440\" src=\"https:\/\/archive.sana.sy\/es\/wp-content\/uploads\/2023\/05\/DSC_5612-copy.jpg\" class=\"attachment-full size-full\" alt=\"\" srcset=\"https:\/\/archive.sana.sy\/es\/wp-content\/uploads\/2023\/05\/DSC_5612-copy.jpg 660w, https:\/\/archive.sana.sy\/es\/wp-content\/uploads\/2023\/05\/DSC_5612-copy-300x200.jpg 300w, https:\/\/archive.sana.sy\/es\/wp-content\/uploads\/2023\/05\/DSC_5612-copy-150x100.jpg 150w\" sizes=\"(max-width: 660px) 100vw, 660px\" \/><\/a>\n\t\t\t<\/div><\/figure><figure class='gallery-item'>\n\t\t\t<div class='gallery-icon landscape'>\n\t\t\t\t<a href='https:\/\/archive.sana.sy\/es\/?attachment_id=298815'><img loading=\"lazy\" decoding=\"async\" width=\"660\" height=\"440\" src=\"https:\/\/archive.sana.sy\/es\/wp-content\/uploads\/2023\/05\/DSC_5601-copy.jpg\" class=\"attachment-full size-full\" alt=\"\" srcset=\"https:\/\/archive.sana.sy\/es\/wp-content\/uploads\/2023\/05\/DSC_5601-copy.jpg 660w, https:\/\/archive.sana.sy\/es\/wp-content\/uploads\/2023\/05\/DSC_5601-copy-300x200.jpg 300w, https:\/\/archive.sana.sy\/es\/wp-content\/uploads\/2023\/05\/DSC_5601-copy-150x100.jpg 150w\" sizes=\"(max-width: 660px) 100vw, 660px\" \/><\/a>\n\t\t\t<\/div><\/figure><figure class='gallery-item'>\n\t\t\t<div class='gallery-icon landscape'>\n\t\t\t\t<a href='https:\/\/archive.sana.sy\/es\/?attachment_id=298816'><img loading=\"lazy\" decoding=\"async\" width=\"660\" height=\"440\" src=\"https:\/\/archive.sana.sy\/es\/wp-content\/uploads\/2023\/05\/DSC_5597-copy.jpg\" class=\"attachment-full size-full\" alt=\"\" srcset=\"https:\/\/archive.sana.sy\/es\/wp-content\/uploads\/2023\/05\/DSC_5597-copy.jpg 660w, https:\/\/archive.sana.sy\/es\/wp-content\/uploads\/2023\/05\/DSC_5597-copy-300x200.jpg 300w, https:\/\/archive.sana.sy\/es\/wp-content\/uploads\/2023\/05\/DSC_5597-copy-150x100.jpg 150w\" sizes=\"(max-width: 660px) 100vw, 660px\" \/><\/a>\n\t\t\t<\/div><\/figure><figure class='gallery-item'>\n\t\t\t<div class='gallery-icon landscape'>\n\t\t\t\t<a href='https:\/\/archive.sana.sy\/es\/?attachment_id=298817'><img loading=\"lazy\" decoding=\"async\" width=\"660\" height=\"440\" src=\"https:\/\/archive.sana.sy\/es\/wp-content\/uploads\/2023\/05\/DSC_5566-copy.jpg\" class=\"attachment-full size-full\" alt=\"\" srcset=\"https:\/\/archive.sana.sy\/es\/wp-content\/uploads\/2023\/05\/DSC_5566-copy.jpg 660w, https:\/\/archive.sana.sy\/es\/wp-content\/uploads\/2023\/05\/DSC_5566-copy-300x200.jpg 300w, https:\/\/archive.sana.sy\/es\/wp-content\/uploads\/2023\/05\/DSC_5566-copy-150x100.jpg 150w\" sizes=\"(max-width: 660px) 100vw, 660px\" \/><\/a>\n\t\t\t<\/div><\/figure><figure class='gallery-item'>\n\t\t\t<div class='gallery-icon landscape'>\n\t\t\t\t<a href='https:\/\/archive.sana.sy\/es\/?attachment_id=298818'><img loading=\"lazy\" decoding=\"async\" width=\"660\" height=\"440\" src=\"https:\/\/archive.sana.sy\/es\/wp-content\/uploads\/2023\/05\/DSC_5552-copy.jpg\" class=\"attachment-full size-full\" alt=\"\" srcset=\"https:\/\/archive.sana.sy\/es\/wp-content\/uploads\/2023\/05\/DSC_5552-copy.jpg 660w, https:\/\/archive.sana.sy\/es\/wp-content\/uploads\/2023\/05\/DSC_5552-copy-300x200.jpg 300w, https:\/\/archive.sana.sy\/es\/wp-content\/uploads\/2023\/05\/DSC_5552-copy-150x100.jpg 150w\" sizes=\"(max-width: 660px) 100vw, 660px\" \/><\/a>\n\t\t\t<\/div><\/figure><figure class='gallery-item'>\n\t\t\t<div class='gallery-icon landscape'>\n\t\t\t\t<a href='https:\/\/archive.sana.sy\/es\/?attachment_id=298819'><img loading=\"lazy\" decoding=\"async\" width=\"660\" height=\"440\" src=\"https:\/\/archive.sana.sy\/es\/wp-content\/uploads\/2023\/05\/DSC_5532-copy.jpg\" class=\"attachment-full size-full\" alt=\"\" srcset=\"https:\/\/archive.sana.sy\/es\/wp-content\/uploads\/2023\/05\/DSC_5532-copy.jpg 660w, https:\/\/archive.sana.sy\/es\/wp-content\/uploads\/2023\/05\/DSC_5532-copy-300x200.jpg 300w, https:\/\/archive.sana.sy\/es\/wp-content\/uploads\/2023\/05\/DSC_5532-copy-150x100.jpg 150w\" sizes=\"(max-width: 660px) 100vw, 660px\" \/><\/a>\n\t\t\t<\/div><\/figure>\n\t\t<\/div>\n\n<p>&nbsp;<\/p>\n","protected":false},"excerpt":{"rendered":"<p>Damasco, 26 may (SANA) &nbsp;<\/p>\n","protected":false},"author":39,"featured_media":298803,"comment_status":"closed","ping_status":"closed","sticky":false,"template":"","format":"standard","meta":{"footnotes":""},"categories":[597,625,623,571],"tags":[],"class_list":["post-298802","post","type-post","status-publish","format-standard","has-post-thumbnail","","category-cinta-de-noticias","category-fotos-fotos-sana","category-fotos-sana","category-siria-en-fotos"],"_links":{"self":[{"href":"https:\/\/archive.sana.sy\/es\/index.php?rest_route=\/wp\/v2\/posts\/298802"}],"collection":[{"href":"https:\/\/archive.sana.sy\/es\/index.php?rest_route=\/wp\/v2\/posts"}],"about":[{"href":"https:\/\/archive.sana.sy\/es\/index.php?rest_route=\/wp\/v2\/types\/post"}],"author":[{"embeddable":true,"href":"https:\/\/archive.sana.sy\/es\/index.php?rest_route=\/wp\/v2\/users\/39"}],"replies":[{"embeddable":true,"href":"https:\/\/archive.sana.sy\/es\/index.php?rest_route=%2Fwp%2Fv2%2Fcomments&post=298802"}],"version-history":[{"count":1,"href":"https:\/\/archive.sana.sy\/es\/index.php?rest_route=\/wp\/v2\/posts\/298802\/revisions"}],"predecessor-version":[{"id":298820,"href":"https:\/\/archive.sana.sy\/es\/index.php?rest_route=\/wp\/v2\/posts\/298802\/revisions\/298820"}],"wp:featuredmedia":[{"embeddable":true,"href":"https:\/\/archive.sana.sy\/es\/index.php?rest_route=\/wp\/v2\/media\/298803"}],"wp:attachment":[{"href":"https:\/\/archive.sana.sy\/es\/index.php?rest_route=%2Fwp%2Fv2%2Fmedia&parent=298802"}],"wp:term":[{"taxonomy":"category","embeddable":true,"href":"https:\/\/archive.sana.sy\/es\/index.php?rest_route=%2Fwp%2Fv2%2Fcategories&post=298802"},{"taxonomy":"post_tag","embeddable":true,"href":"https:\/\/archive.sana.sy\/es\/index.php?rest_route=%2Fwp%2Fv2%2Ftags&post=298802"}],"curies":[{"name":"wp","href":"https:\/\/api.w.org\/{rel}","templated":true}]}}