{"id":298890,"date":"2023-05-27T18:16:10","date_gmt":"2023-05-27T15:16:10","guid":{"rendered":"http:\/\/sana.sy\/es\/?p=298890"},"modified":"2023-05-28T09:48:09","modified_gmt":"2023-05-28T06:48:09","slug":"siria-dio-un-ejemplo-de-que-ganan-los-que-mas-resisten-y-creen-en-su-justa-causa","status":"publish","type":"post","link":"https:\/\/archive.sana.sy\/es\/?p=298890","title":{"rendered":"Siria dio un ejemplo de que ganan los que m\u00e1s resisten y creen en su justa causa"},"content":{"rendered":"<p style=\"text-align: justify;\"><span style=\"color: #800000;\"><strong>Damasco, 27 may (SANA)\u00a0<\/strong> <\/span>\u00a0La asesora especial de la Presidencia de Siria, Bouzeina Shaaban, afirm\u00f3 que lo logrado por Siria durante la \u00faltima d\u00e9cada nos impulsa a seguir uniendo los esfuerzos para alcanzar el objetivo principal, que es la liberaci\u00f3n de Palestina de la ocupaci\u00f3n israel\u00ed.<\/p>\n<p style=\"text-align: justify;\">Esta postura fue expresada por Shaaban en una reuni\u00f3n de la Junta de S\u00edndicos de la Fundaci\u00f3n Internacional Al-Quds-Siria, que tuvo lugar este s\u00e1bado en Damasco.<\/p>\n<p style=\"text-align: justify;\">\u201cLa lecci\u00f3n que se debe extraer de la dif\u00edcil experiencia que vivi\u00f3 Siria durante una d\u00e9cada es que al final ganan m\u00e1s los que creen en su justa causa\u201d, agreg\u00f3.<\/p>\n<p style=\"text-align: justify;\">Indic\u00f3 que la participaci\u00f3n del presidente Bashar al-Assad en la Cumbre \u00c1rabe en Jeddah significa la victoria de Siria y el fracaso de los grandes planes financiados por las potencias m\u00e1s poderosas del mundo.<\/p>\n<p style=\"text-align: justify;\">\u201cEsta victoria indica que nadie puede derrotar el verdadero creyente en su causa, y lo que falta es s\u00f3lo una cuesti\u00f3n de paciencia, porque el pueblo y el ej\u00e9rcito sirios, la resistencia y todos nuestros aliados han sido pacientes con nosotros\u201d, agreg\u00f3.<\/p>\n<p style=\"text-align: justify;\">Como resultado, el mundo entero, incluidos los medios occidentales, admiten que el regreso de Siria y su asistencia a la cumbre es un orgullo para esta naci\u00f3n y para los \u00e1rabes.<\/p>\n<p style=\"text-align: justify;\">Afirm\u00f3 que el mundo ser\u00e1 multipolar y que el Occidente ya no podr\u00e1 hablar de la libertad, democracia y derechos humanos, ya que es plenamente consciente de que est\u00e1 en declive permanente.<\/p>\n<p>&nbsp;<\/p>\n<p style=\"text-align: justify;\">rr\/fm<\/p>\n","protected":false},"excerpt":{"rendered":"<p>Damasco, 27 may (SANA)\u00a0 \u00a0La asesora especial de la Presidencia de Siria, Bouzeina Shaaban, afirm\u00f3 que lo logrado por Siria durante la \u00faltima d\u00e9cada nos impulsa a seguir uniendo los esfuerzos para alcanzar el objetivo principal, que es la liberaci\u00f3n de Palestina de la ocupaci\u00f3n israel\u00ed. Esta postura fue expresada por Shaaban en una reuni\u00f3n &hellip;<\/p>\n","protected":false},"author":31,"featured_media":298933,"comment_status":"closed","ping_status":"closed","sticky":false,"template":"","format":"standard","meta":{"footnotes":""},"categories":[597,476,7541],"tags":[7161,6553],"class_list":["post-298890","post","type-post","status-publish","format-standard","has-post-thumbnail","","category-cinta-de-noticias","category-locales","category-ultimas-noticias","tag-damasco","tag-siria"],"_links":{"self":[{"href":"https:\/\/archive.sana.sy\/es\/index.php?rest_route=\/wp\/v2\/posts\/298890"}],"collection":[{"href":"https:\/\/archive.sana.sy\/es\/index.php?rest_route=\/wp\/v2\/posts"}],"about":[{"href":"https:\/\/archive.sana.sy\/es\/index.php?rest_route=\/wp\/v2\/types\/post"}],"author":[{"embeddable":true,"href":"https:\/\/archive.sana.sy\/es\/index.php?rest_route=\/wp\/v2\/users\/31"}],"replies":[{"embeddable":true,"href":"https:\/\/archive.sana.sy\/es\/index.php?rest_route=%2Fwp%2Fv2%2Fcomments&post=298890"}],"version-history":[{"count":4,"href":"https:\/\/archive.sana.sy\/es\/index.php?rest_route=\/wp\/v2\/posts\/298890\/revisions"}],"predecessor-version":[{"id":298895,"href":"https:\/\/archive.sana.sy\/es\/index.php?rest_route=\/wp\/v2\/posts\/298890\/revisions\/298895"}],"wp:featuredmedia":[{"embeddable":true,"href":"https:\/\/archive.sana.sy\/es\/index.php?rest_route=\/wp\/v2\/media\/298933"}],"wp:attachment":[{"href":"https:\/\/archive.sana.sy\/es\/index.php?rest_route=%2Fwp%2Fv2%2Fmedia&parent=298890"}],"wp:term":[{"taxonomy":"category","embeddable":true,"href":"https:\/\/archive.sana.sy\/es\/index.php?rest_route=%2Fwp%2Fv2%2Fcategories&post=298890"},{"taxonomy":"post_tag","embeddable":true,"href":"https:\/\/archive.sana.sy\/es\/index.php?rest_route=%2Fwp%2Fv2%2Ftags&post=298890"}],"curies":[{"name":"wp","href":"https:\/\/api.w.org\/{rel}","templated":true}]}}