{"id":298962,"date":"2023-05-28T15:57:35","date_gmt":"2023-05-28T12:57:35","guid":{"rendered":"https:\/\/sana.sy\/es\/?p=298962"},"modified":"2023-05-28T15:57:35","modified_gmt":"2023-05-28T12:57:35","slug":"rusia-libra-una-guerra-en-todos-los-frentes-afirma-peskov","status":"publish","type":"post","link":"https:\/\/archive.sana.sy\/es\/?p=298962","title":{"rendered":"Rusia libra una guerra en todos los frentes, afirma Peskov"},"content":{"rendered":"<p style=\"text-align: justify;\"><span style=\"color: #800000;\"><strong>Mosc\u00fa, 28 may (SANA )<\/strong><\/span> El portavoz presidencial de Rusia, Dmitri Peskov, declar\u00f3 que su pa\u00eds enfrenta en la actualidad una guerra en todos los frentes.<\/p>\n<p style=\"text-align: justify;\">\u201cHay una guerra constante contra nosotros en todos los frentes, incluso en la econom\u00eda, las relaciones interestatales y los activos y bienes\u201d, dijo Peskov en una entrevista televisiva citada por RT.<\/p>\n<p style=\"text-align: justify;\">El vocero agreg\u00f3 que los adversarios de Rusia est\u00e1n \u201ctransgrediendo incluso lo que parec\u00eda sagrado&#8221;, lo cual requiere que sigamos fuertes y bien reflexivos.<\/p>\n<p style=\"text-align: justify;\">la\/fm\/as<\/p>\n","protected":false},"excerpt":{"rendered":"<p>Mosc\u00fa, 28 may (SANA ) El portavoz presidencial de Rusia, Dmitri Peskov, declar\u00f3 que su pa\u00eds enfrenta en la actualidad una guerra en todos los frentes. \u201cHay una guerra constante contra nosotros en todos los frentes, incluso en la econom\u00eda, las relaciones interestatales y los activos y bienes\u201d, dijo Peskov en una entrevista televisiva citada &hellip;<\/p>\n","protected":false},"author":42,"featured_media":298963,"comment_status":"closed","ping_status":"closed","sticky":false,"template":"","format":"standard","meta":{"footnotes":""},"categories":[597,456,16687,20724,7541],"tags":[],"class_list":["post-298962","post","type-post","status-publish","format-standard","has-post-thumbnail","","category-cinta-de-noticias","category-arabe-internacional-politica","category-internacionales","category-minuto-a-minuto","category-ultimas-noticias"],"_links":{"self":[{"href":"https:\/\/archive.sana.sy\/es\/index.php?rest_route=\/wp\/v2\/posts\/298962"}],"collection":[{"href":"https:\/\/archive.sana.sy\/es\/index.php?rest_route=\/wp\/v2\/posts"}],"about":[{"href":"https:\/\/archive.sana.sy\/es\/index.php?rest_route=\/wp\/v2\/types\/post"}],"author":[{"embeddable":true,"href":"https:\/\/archive.sana.sy\/es\/index.php?rest_route=\/wp\/v2\/users\/42"}],"replies":[{"embeddable":true,"href":"https:\/\/archive.sana.sy\/es\/index.php?rest_route=%2Fwp%2Fv2%2Fcomments&post=298962"}],"version-history":[{"count":1,"href":"https:\/\/archive.sana.sy\/es\/index.php?rest_route=\/wp\/v2\/posts\/298962\/revisions"}],"predecessor-version":[{"id":298964,"href":"https:\/\/archive.sana.sy\/es\/index.php?rest_route=\/wp\/v2\/posts\/298962\/revisions\/298964"}],"wp:featuredmedia":[{"embeddable":true,"href":"https:\/\/archive.sana.sy\/es\/index.php?rest_route=\/wp\/v2\/media\/298963"}],"wp:attachment":[{"href":"https:\/\/archive.sana.sy\/es\/index.php?rest_route=%2Fwp%2Fv2%2Fmedia&parent=298962"}],"wp:term":[{"taxonomy":"category","embeddable":true,"href":"https:\/\/archive.sana.sy\/es\/index.php?rest_route=%2Fwp%2Fv2%2Fcategories&post=298962"},{"taxonomy":"post_tag","embeddable":true,"href":"https:\/\/archive.sana.sy\/es\/index.php?rest_route=%2Fwp%2Fv2%2Ftags&post=298962"}],"curies":[{"name":"wp","href":"https:\/\/api.w.org\/{rel}","templated":true}]}}