{"id":299037,"date":"2023-05-29T13:07:59","date_gmt":"2023-05-29T10:07:59","guid":{"rendered":"http:\/\/sana.sy\/es\/?p=299037"},"modified":"2023-05-29T13:07:59","modified_gmt":"2023-05-29T10:07:59","slug":"cancilleres-de-siria-y-abjasia-intercambian-felicitaciones-por-quinto-aniversario-de-establecimiento-de-relaciones-diplomaticas","status":"publish","type":"post","link":"https:\/\/archive.sana.sy\/es\/?p=299037","title":{"rendered":"Cancilleres de Siria y Abjasia intercambian felicitaciones por quinto aniversario de establecimiento de relaciones diplom\u00e1ticas"},"content":{"rendered":"<p style=\"text-align: justify;\"><span style=\"color: #800000;\"><strong>Damasco, 29 may (SANA)\u00a0<\/strong><\/span> \u00a0El ministro de Asuntos Exteriores y Expatriados, Faisal Al-Mekdad, recibi\u00f3 hoy una llamada telef\u00f3nica de su hom\u00f3logo de la Rep\u00fablica de Abjasia, Inal Batutevich Ardzinba, durante la cual los dos ministros intercambiaron felicitaciones por el quinto aniversario del establecimiento de relaciones diplom\u00e1ticas entre los dos pa\u00edses amigos.<\/p>\n<p style=\"text-align: justify;\">Los Cancilleres ratificaron voluntad de elevar el nivel de las relaciones bilaterales entre los dos pa\u00edses y desarrollarlas en los campos pol\u00edtico, econ\u00f3mico y cultural.<\/p>\n<p style=\"text-align: justify;\">Acordaron continuar las consultas y el intercambio de visitas bilaterales, en beneficio de los dos pa\u00edses y pueblos amigos.<\/p>\n<p style=\"text-align: justify;\"><strong>fm\/ws<\/strong><\/p>\n","protected":false},"excerpt":{"rendered":"<p>Damasco, 29 may (SANA)\u00a0 \u00a0El ministro de Asuntos Exteriores y Expatriados, Faisal Al-Mekdad, recibi\u00f3 hoy una llamada telef\u00f3nica de su hom\u00f3logo de la Rep\u00fablica de Abjasia, Inal Batutevich Ardzinba, durante la cual los dos ministros intercambiaron felicitaciones por el quinto aniversario del establecimiento de relaciones diplom\u00e1ticas entre los dos pa\u00edses amigos. Los Cancilleres ratificaron voluntad &hellip;<\/p>\n","protected":false},"author":35,"featured_media":299038,"comment_status":"closed","ping_status":"closed","sticky":false,"template":"","format":"standard","meta":{"footnotes":""},"categories":[477,447,597,20724,476,7541],"tags":[],"class_list":["post-299037","post","type-post","status-publish","format-standard","has-post-thumbnail","","category-noticias-edulcorantes","category-local-politica","category-cinta-de-noticias","category-minuto-a-minuto","category-locales","category-ultimas-noticias"],"_links":{"self":[{"href":"https:\/\/archive.sana.sy\/es\/index.php?rest_route=\/wp\/v2\/posts\/299037"}],"collection":[{"href":"https:\/\/archive.sana.sy\/es\/index.php?rest_route=\/wp\/v2\/posts"}],"about":[{"href":"https:\/\/archive.sana.sy\/es\/index.php?rest_route=\/wp\/v2\/types\/post"}],"author":[{"embeddable":true,"href":"https:\/\/archive.sana.sy\/es\/index.php?rest_route=\/wp\/v2\/users\/35"}],"replies":[{"embeddable":true,"href":"https:\/\/archive.sana.sy\/es\/index.php?rest_route=%2Fwp%2Fv2%2Fcomments&post=299037"}],"version-history":[{"count":1,"href":"https:\/\/archive.sana.sy\/es\/index.php?rest_route=\/wp\/v2\/posts\/299037\/revisions"}],"predecessor-version":[{"id":299039,"href":"https:\/\/archive.sana.sy\/es\/index.php?rest_route=\/wp\/v2\/posts\/299037\/revisions\/299039"}],"wp:featuredmedia":[{"embeddable":true,"href":"https:\/\/archive.sana.sy\/es\/index.php?rest_route=\/wp\/v2\/media\/299038"}],"wp:attachment":[{"href":"https:\/\/archive.sana.sy\/es\/index.php?rest_route=%2Fwp%2Fv2%2Fmedia&parent=299037"}],"wp:term":[{"taxonomy":"category","embeddable":true,"href":"https:\/\/archive.sana.sy\/es\/index.php?rest_route=%2Fwp%2Fv2%2Fcategories&post=299037"},{"taxonomy":"post_tag","embeddable":true,"href":"https:\/\/archive.sana.sy\/es\/index.php?rest_route=%2Fwp%2Fv2%2Ftags&post=299037"}],"curies":[{"name":"wp","href":"https:\/\/api.w.org\/{rel}","templated":true}]}}