{"id":299062,"date":"2023-05-29T15:34:22","date_gmt":"2023-05-29T12:34:22","guid":{"rendered":"http:\/\/sana.sy\/es\/?p=299062"},"modified":"2023-05-29T15:34:22","modified_gmt":"2023-05-29T12:34:22","slug":"masivo-ataque-ruso-con-misiles-contra-varios-aerodromos-militares-ucranianos","status":"publish","type":"post","link":"https:\/\/archive.sana.sy\/es\/?p=299062","title":{"rendered":"Masivo ataque ruso con misiles contra varios aer\u00f3dromos militares ucranianos"},"content":{"rendered":"<p><span style=\"color: #800000;\"><strong>Mosc\u00fa, 29 may (SANA)\u00a0\u00a0<\/strong><\/span> Las Fuerzas Armadas de la Federaci\u00f3n Rusa lanzaron un masivo ataque con misiles de precisi\u00f3n y de largo alcance disparados desde el aire contra blancos en varios aer\u00f3dromos militares ucranianos.<\/p>\n<p>En su informe diario sobre el progreso de la operaci\u00f3n militar especial, el Ministerio de Defensa de Rusia aclar\u00f3 que todos los objetivos asignados durante el ataque han sido destruidos.<\/p>\n<p>Puestos de mando, estaciones de radar y equipos para aviaci\u00f3n quedaron destruidos en estas incursiones, afirm\u00f3 el ente castrense.<\/p>\n<p>Tambi\u00e9n, quedaron fuera de servicio instalaciones de almacenamiento de armas y municiones de las Fuerzas Armadas de Ucrania.<\/p>\n<p>fm\/sm<\/p>\n","protected":false},"excerpt":{"rendered":"<p>Mosc\u00fa, 29 may (SANA)\u00a0\u00a0 Las Fuerzas Armadas de la Federaci\u00f3n Rusa lanzaron un masivo ataque con misiles de precisi\u00f3n y de largo alcance disparados desde el aire contra blancos en varios aer\u00f3dromos militares ucranianos. En su informe diario sobre el progreso de la operaci\u00f3n militar especial, el Ministerio de Defensa de Rusia aclar\u00f3 que todos &hellip;<\/p>\n","protected":false},"author":39,"featured_media":299063,"comment_status":"closed","ping_status":"closed","sticky":false,"template":"","format":"standard","meta":{"footnotes":""},"categories":[597,456,16687,583],"tags":[],"class_list":["post-299062","post","type-post","status-publish","format-standard","has-post-thumbnail","","category-cinta-de-noticias","category-arabe-internacional-politica","category-internacionales","category-slide"],"_links":{"self":[{"href":"https:\/\/archive.sana.sy\/es\/index.php?rest_route=\/wp\/v2\/posts\/299062"}],"collection":[{"href":"https:\/\/archive.sana.sy\/es\/index.php?rest_route=\/wp\/v2\/posts"}],"about":[{"href":"https:\/\/archive.sana.sy\/es\/index.php?rest_route=\/wp\/v2\/types\/post"}],"author":[{"embeddable":true,"href":"https:\/\/archive.sana.sy\/es\/index.php?rest_route=\/wp\/v2\/users\/39"}],"replies":[{"embeddable":true,"href":"https:\/\/archive.sana.sy\/es\/index.php?rest_route=%2Fwp%2Fv2%2Fcomments&post=299062"}],"version-history":[{"count":1,"href":"https:\/\/archive.sana.sy\/es\/index.php?rest_route=\/wp\/v2\/posts\/299062\/revisions"}],"predecessor-version":[{"id":299064,"href":"https:\/\/archive.sana.sy\/es\/index.php?rest_route=\/wp\/v2\/posts\/299062\/revisions\/299064"}],"wp:featuredmedia":[{"embeddable":true,"href":"https:\/\/archive.sana.sy\/es\/index.php?rest_route=\/wp\/v2\/media\/299063"}],"wp:attachment":[{"href":"https:\/\/archive.sana.sy\/es\/index.php?rest_route=%2Fwp%2Fv2%2Fmedia&parent=299062"}],"wp:term":[{"taxonomy":"category","embeddable":true,"href":"https:\/\/archive.sana.sy\/es\/index.php?rest_route=%2Fwp%2Fv2%2Fcategories&post=299062"},{"taxonomy":"post_tag","embeddable":true,"href":"https:\/\/archive.sana.sy\/es\/index.php?rest_route=%2Fwp%2Fv2%2Ftags&post=299062"}],"curies":[{"name":"wp","href":"https:\/\/api.w.org\/{rel}","templated":true}]}}