{"id":299106,"date":"2023-05-29T19:00:26","date_gmt":"2023-05-29T16:00:26","guid":{"rendered":"http:\/\/sana.sy\/es\/?p=299106"},"modified":"2023-05-29T19:00:46","modified_gmt":"2023-05-29T16:00:46","slug":"neutralizan-a-55-terroristas-tras-una-operacion-militar-conjunta-de-los-ejercitos-de-nigeria-y-niger","status":"publish","type":"post","link":"https:\/\/archive.sana.sy\/es\/?p=299106","title":{"rendered":"Neutralizan a 55 terroristas tras una operaci\u00f3n militar conjunta de los ej\u00e9rcitos de Nigeria y N\u00edger"},"content":{"rendered":"<blockquote>\n<p style=\"text-align: justify;\"><span style=\"color: #993300;\"><em><span style=\"font-family: Arial, 'sans-serif';\">Entre los terroristas que fueron eliminados, hay varios cabecillas militares de la organizaci\u00f3n terrorista \u201cDaesh\u201d.<\/span><\/em><\/span><\/p>\n<\/blockquote>\n<p style=\"background: white; text-align: justify;\"><span style=\"color: #800000;\"><strong><span style=\"font-family: Arial, 'sans-serif';\">Niamey, 29 may (SANA)\u00a0 \u00a0<\/span><\/strong><\/span><span style=\"font-family: 'Arial','sans-serif'; color: black;\">El ej\u00e9rcito nigeriano anunci\u00f3 hoy la eliminaci\u00f3n de 55 terroristas durante una operaci\u00f3n conjunta llevada a cabo por los ej\u00e9rcitos de Nigeria y N\u00edger, entre los d\u00edas 6 y 28 de este mes.<\/span><\/p>\n<p style=\"background: white; text-align: justify;\"><span style=\"font-family: 'Arial','sans-serif'; color: black;\">Adem\u00e1s, la operaci\u00f3n militar conjunta terrestre y a\u00e9rea, cuyo objetivo era bloquear las rutas de suministro de los grupos terroristas armados, caus\u00f3 la destrucci\u00f3n de 13 veh\u00edculos, motocicletas y cinco coches-bomba pertenecientes a los terroristas, seg\u00fan difundi\u00f3 la agencia France-Presse citando al bolet\u00edn de Operaciones Militares emitido por el ej\u00e9rcito de N\u00edger.<\/span><\/p>\n<p style=\"background: white; margin: 0in 0in 15pt; text-align: justify;\"><span style=\"font-family: 'Arial','sans-serif'; color: black;\">Indic\u00f3 tambi\u00e9n que entre los 55 terroristas que fueron eliminados, hay varios cabecillas militares de la organizaci\u00f3n terrorista \u201cDaesh\u201d.<\/span><\/p>\n<p style=\"text-align: justify;\">sm<\/p>\n","protected":false},"excerpt":{"rendered":"<p>Entre los terroristas que fueron eliminados, hay varios cabecillas militares de la organizaci\u00f3n terrorista \u201cDaesh\u201d. Niamey, 29 may (SANA)\u00a0 \u00a0El ej\u00e9rcito nigeriano anunci\u00f3 hoy la eliminaci\u00f3n de 55 terroristas durante una operaci\u00f3n conjunta llevada a cabo por los ej\u00e9rcitos de Nigeria y N\u00edger, entre los d\u00edas 6 y 28 de este mes. Adem\u00e1s, la operaci\u00f3n &hellip;<\/p>\n","protected":false},"author":39,"featured_media":299107,"comment_status":"closed","ping_status":"closed","sticky":false,"template":"","format":"standard","meta":{"footnotes":""},"categories":[597,456,16687,20724],"tags":[],"class_list":["post-299106","post","type-post","status-publish","format-standard","has-post-thumbnail","","category-cinta-de-noticias","category-arabe-internacional-politica","category-internacionales","category-minuto-a-minuto"],"_links":{"self":[{"href":"https:\/\/archive.sana.sy\/es\/index.php?rest_route=\/wp\/v2\/posts\/299106"}],"collection":[{"href":"https:\/\/archive.sana.sy\/es\/index.php?rest_route=\/wp\/v2\/posts"}],"about":[{"href":"https:\/\/archive.sana.sy\/es\/index.php?rest_route=\/wp\/v2\/types\/post"}],"author":[{"embeddable":true,"href":"https:\/\/archive.sana.sy\/es\/index.php?rest_route=\/wp\/v2\/users\/39"}],"replies":[{"embeddable":true,"href":"https:\/\/archive.sana.sy\/es\/index.php?rest_route=%2Fwp%2Fv2%2Fcomments&post=299106"}],"version-history":[{"count":2,"href":"https:\/\/archive.sana.sy\/es\/index.php?rest_route=\/wp\/v2\/posts\/299106\/revisions"}],"predecessor-version":[{"id":299109,"href":"https:\/\/archive.sana.sy\/es\/index.php?rest_route=\/wp\/v2\/posts\/299106\/revisions\/299109"}],"wp:featuredmedia":[{"embeddable":true,"href":"https:\/\/archive.sana.sy\/es\/index.php?rest_route=\/wp\/v2\/media\/299107"}],"wp:attachment":[{"href":"https:\/\/archive.sana.sy\/es\/index.php?rest_route=%2Fwp%2Fv2%2Fmedia&parent=299106"}],"wp:term":[{"taxonomy":"category","embeddable":true,"href":"https:\/\/archive.sana.sy\/es\/index.php?rest_route=%2Fwp%2Fv2%2Fcategories&post=299106"},{"taxonomy":"post_tag","embeddable":true,"href":"https:\/\/archive.sana.sy\/es\/index.php?rest_route=%2Fwp%2Fv2%2Ftags&post=299106"}],"curies":[{"name":"wp","href":"https:\/\/api.w.org\/{rel}","templated":true}]}}