{"id":299122,"date":"2023-05-29T20:48:48","date_gmt":"2023-05-29T17:48:48","guid":{"rendered":"http:\/\/sana.sy\/es\/?p=299122"},"modified":"2023-05-29T20:48:48","modified_gmt":"2023-05-29T17:48:48","slug":"putin-firma-la-retirada-de-rusia-del-tratado-de-las-fuerzas-armadas-convencionales-en-europa","status":"publish","type":"post","link":"https:\/\/archive.sana.sy\/es\/?p=299122","title":{"rendered":"Putin firma la retirada de Rusia del Tratado de las Fuerzas Armadas Convencionales en Europa"},"content":{"rendered":"<p style=\"text-align: justify;\"><span style=\"color: #800000;\"><strong>Mosc\u00fa, 29 may (SANA)\u00a0\u00a0<\/strong> <\/span>El presidente de Rusia, Vlad\u00edmir Putin, firm\u00f3 una ley que estipula la retirada del pa\u00eds del Tratado de las Fuerzas Armadas Convencionales en Europa (FACE).<\/p>\n<p style=\"text-align: justify;\">El portavoz presidencial ruso, Dmitri Peskov, declar\u00f3 que Mosc\u00fa no espera consecuencias directas tras la rescisi\u00f3n del acuerdo.<\/p>\n<p style=\"text-align: justify;\">&#8220;En este \u00e1mbito, as\u00ed como en el \u00e1mbito del control de armas y el de estabilidad estrat\u00e9gica, se forma ahora un gran vac\u00edo que en teor\u00eda hay que llenar urgentemente con nuevas actas de derecho internacional que regular\u00edan la situaci\u00f3n. Pero para eso hay que mantener relaciones de trabajo bilaterales con una serie de Estados que no existen ahora, y no por nuestra culpa&#8221;, afirm\u00f3 el vocero citado por RT.<\/p>\n<p style=\"text-align: justify;\">El viceministro de Asuntos Exteriores de Rusia, Sergu\u00e9i Riabkov, hab\u00eda declarado que Rusia no reanudar\u00e1 el cumplimiento del tratado, argumentando que el documento contradice sus intereses de seguridad. Se\u00f1al\u00f3 que las acciones hostiles de los pa\u00edses miembros de la OTAN hacia Rusia ya de por s\u00ed han afectado la situaci\u00f3n de seguridad en el continente y que los resultados no facilitan la discusi\u00f3n de alternativas al acuerdo.<\/p>\n<p style=\"text-align: justify;\">&#8220;El FACE lleva a\u00f1os, de hecho, sin funcionar, por lo que nuestra retirada no podr\u00e1 empeorar [a\u00fan m\u00e1s] la situaci\u00f3n&#8221;, manifest\u00f3 el funcionario.<\/p>\n<p style=\"text-align: justify;\">El FACE se basa en un sistema de limitaciones cuantitativas de las cinco categor\u00edas principales de armamento y equipos de las fuerzas armadas convencionales de los Estados participantes del pacto: carros de combate, veh\u00edculos acorazados de combate, artiller\u00eda, helic\u00f3pteros de ataque y aviones de combate.<\/p>\n<p style=\"text-align: justify;\">El tratado se firm\u00f3 en 1990 y se adapt\u00f3 en 1997. Los Estados miembros de la OTAN no ratificaron la versi\u00f3n adaptada del documento y siguen adhiri\u00e9ndose a las disposiciones de 1990, que contienen normas sobre armas convencionales basadas en un equilibrio entre la OTAN y la Organizaci\u00f3n del Pacto de Varsovia. Como consecuencia, Rusia se vio obligada a declarar una moratoria en la aplicaci\u00f3n de los t\u00e9rminos del acuerdo en 2007.<\/p>\n<p style=\"text-align: justify;\">El 11 de marzo de 2015, Rusia interrumpi\u00f3 su participaci\u00f3n en las reuniones del Grupo Consultivo Conjunto sobre el FACE, completando as\u00ed el proceso de suspensi\u00f3n de su pertenencia al tratado, aunque jur\u00eddicamente sigue permaneciendo en \u00e9l.<\/p>\n<p style=\"text-align: justify;\">Desde entonces, los intereses de Rusia en el Grupo Consultivo Conjunto estaban representados por Bielorrusia.<\/p>\n<p style=\"text-align: justify;\">fm\/sm<\/p>\n<p style=\"text-align: justify;\">\n","protected":false},"excerpt":{"rendered":"<p>Mosc\u00fa, 29 may (SANA)\u00a0\u00a0 El presidente de Rusia, Vlad\u00edmir Putin, firm\u00f3 una ley que estipula la retirada del pa\u00eds del Tratado de las Fuerzas Armadas Convencionales en Europa (FACE). El portavoz presidencial ruso, Dmitri Peskov, declar\u00f3 que Mosc\u00fa no espera consecuencias directas tras la rescisi\u00f3n del acuerdo. &#8220;En este \u00e1mbito, as\u00ed como en el \u00e1mbito &hellip;<\/p>\n","protected":false},"author":39,"featured_media":299123,"comment_status":"closed","ping_status":"closed","sticky":false,"template":"","format":"standard","meta":{"footnotes":""},"categories":[597,456,16687,20724,7541],"tags":[],"class_list":["post-299122","post","type-post","status-publish","format-standard","has-post-thumbnail","","category-cinta-de-noticias","category-arabe-internacional-politica","category-internacionales","category-minuto-a-minuto","category-ultimas-noticias"],"_links":{"self":[{"href":"https:\/\/archive.sana.sy\/es\/index.php?rest_route=\/wp\/v2\/posts\/299122"}],"collection":[{"href":"https:\/\/archive.sana.sy\/es\/index.php?rest_route=\/wp\/v2\/posts"}],"about":[{"href":"https:\/\/archive.sana.sy\/es\/index.php?rest_route=\/wp\/v2\/types\/post"}],"author":[{"embeddable":true,"href":"https:\/\/archive.sana.sy\/es\/index.php?rest_route=\/wp\/v2\/users\/39"}],"replies":[{"embeddable":true,"href":"https:\/\/archive.sana.sy\/es\/index.php?rest_route=%2Fwp%2Fv2%2Fcomments&post=299122"}],"version-history":[{"count":1,"href":"https:\/\/archive.sana.sy\/es\/index.php?rest_route=\/wp\/v2\/posts\/299122\/revisions"}],"predecessor-version":[{"id":299124,"href":"https:\/\/archive.sana.sy\/es\/index.php?rest_route=\/wp\/v2\/posts\/299122\/revisions\/299124"}],"wp:featuredmedia":[{"embeddable":true,"href":"https:\/\/archive.sana.sy\/es\/index.php?rest_route=\/wp\/v2\/media\/299123"}],"wp:attachment":[{"href":"https:\/\/archive.sana.sy\/es\/index.php?rest_route=%2Fwp%2Fv2%2Fmedia&parent=299122"}],"wp:term":[{"taxonomy":"category","embeddable":true,"href":"https:\/\/archive.sana.sy\/es\/index.php?rest_route=%2Fwp%2Fv2%2Fcategories&post=299122"},{"taxonomy":"post_tag","embeddable":true,"href":"https:\/\/archive.sana.sy\/es\/index.php?rest_route=%2Fwp%2Fv2%2Ftags&post=299122"}],"curies":[{"name":"wp","href":"https:\/\/api.w.org\/{rel}","templated":true}]}}