{"id":299125,"date":"2023-05-29T20:40:08","date_gmt":"2023-05-29T17:40:08","guid":{"rendered":"http:\/\/sana.sy\/es\/?p=299125"},"modified":"2023-05-29T20:58:22","modified_gmt":"2023-05-29T17:58:22","slug":"venezuela-quiere-ser-parte-de-los-brics-afirma-maduro-a-lula-da-silva","status":"publish","type":"post","link":"https:\/\/archive.sana.sy\/es\/?p=299125","title":{"rendered":"Venezuela quiere ser parte de los BRICS, afirma Maduro a Lula da Silva"},"content":{"rendered":"<blockquote>\n<p style=\"text-align: justify;\"><span style=\"color: #993300;\"><em>Brasil, Rusia, India, China y Sur\u00e1frica conforman esta iniciativa surgida en 2009 de naciones emergentes que, seg\u00fan datos, representa el 31,5 % del PIB mundial.<\/em><\/span><\/p>\n<\/blockquote>\n<p style=\"text-align: justify;\"><span style=\"color: #800000;\"><strong>Brasilia, 29 may (SANA)<\/strong> <\/span>El presidente de Venezuela, Nicol\u00e1s Maduro, anunci\u00f3 que su pa\u00eds quiere ser parte del bloque de pa\u00edses BRICS, entre los cuales est\u00e1 el gigante amaz\u00f3nico.<\/p>\n<p style=\"text-align: justify;\">&#8220;Si preguntan: \u00bfustedes aspiran a ser aceptados por los BRICS? Venezuela dice s\u00ed, quisi\u00e9ramos ser parte de los BRICS, de madera modesta&#8221;, manifest\u00f3 Maduro durante una conferencia de prensa conjunta con su hom\u00f3logo de Brasil, Luiz In\u00e1cio Lula da Silva,<\/p>\n<p style=\"text-align: justify;\">Maduro resalt\u00f3 que Caracas quisiera ser parte de los BRICS y acompa\u00f1ar la construcci\u00f3n de esa nueva arquitectura, de esa nueva geopol\u00edtica mundial, del nuevo mundo que ya va naciendo.<\/p>\n<p style=\"text-align: justify;\">fm\/sm<\/p>\n<p style=\"text-align: justify;\">\n","protected":false},"excerpt":{"rendered":"<p>Brasil, Rusia, India, China y Sur\u00e1frica conforman esta iniciativa surgida en 2009 de naciones emergentes que, seg\u00fan datos, representa el 31,5 % del PIB mundial. Brasilia, 29 may (SANA) El presidente de Venezuela, Nicol\u00e1s Maduro, anunci\u00f3 que su pa\u00eds quiere ser parte del bloque de pa\u00edses BRICS, entre los cuales est\u00e1 el gigante amaz\u00f3nico. &#8220;Si &hellip;<\/p>\n","protected":false},"author":39,"featured_media":299126,"comment_status":"closed","ping_status":"closed","sticky":false,"template":"","format":"standard","meta":{"footnotes":""},"categories":[597,456,16687,20724,7541],"tags":[],"class_list":["post-299125","post","type-post","status-publish","format-standard","has-post-thumbnail","","category-cinta-de-noticias","category-arabe-internacional-politica","category-internacionales","category-minuto-a-minuto","category-ultimas-noticias"],"_links":{"self":[{"href":"https:\/\/archive.sana.sy\/es\/index.php?rest_route=\/wp\/v2\/posts\/299125"}],"collection":[{"href":"https:\/\/archive.sana.sy\/es\/index.php?rest_route=\/wp\/v2\/posts"}],"about":[{"href":"https:\/\/archive.sana.sy\/es\/index.php?rest_route=\/wp\/v2\/types\/post"}],"author":[{"embeddable":true,"href":"https:\/\/archive.sana.sy\/es\/index.php?rest_route=\/wp\/v2\/users\/39"}],"replies":[{"embeddable":true,"href":"https:\/\/archive.sana.sy\/es\/index.php?rest_route=%2Fwp%2Fv2%2Fcomments&post=299125"}],"version-history":[{"count":2,"href":"https:\/\/archive.sana.sy\/es\/index.php?rest_route=\/wp\/v2\/posts\/299125\/revisions"}],"predecessor-version":[{"id":299128,"href":"https:\/\/archive.sana.sy\/es\/index.php?rest_route=\/wp\/v2\/posts\/299125\/revisions\/299128"}],"wp:featuredmedia":[{"embeddable":true,"href":"https:\/\/archive.sana.sy\/es\/index.php?rest_route=\/wp\/v2\/media\/299126"}],"wp:attachment":[{"href":"https:\/\/archive.sana.sy\/es\/index.php?rest_route=%2Fwp%2Fv2%2Fmedia&parent=299125"}],"wp:term":[{"taxonomy":"category","embeddable":true,"href":"https:\/\/archive.sana.sy\/es\/index.php?rest_route=%2Fwp%2Fv2%2Fcategories&post=299125"},{"taxonomy":"post_tag","embeddable":true,"href":"https:\/\/archive.sana.sy\/es\/index.php?rest_route=%2Fwp%2Fv2%2Ftags&post=299125"}],"curies":[{"name":"wp","href":"https:\/\/api.w.org\/{rel}","templated":true}]}}