{"id":299144,"date":"2023-05-30T10:15:34","date_gmt":"2023-05-30T07:15:34","guid":{"rendered":"http:\/\/sana.sy\/es\/?p=299144"},"modified":"2023-05-30T10:16:13","modified_gmt":"2023-05-30T07:16:13","slug":"siria-participa-en-la-trigesimo-tercera-conferencia-de-ministros-arabes-de-educacion-en-marruecos","status":"publish","type":"post","link":"https:\/\/archive.sana.sy\/es\/?p=299144","title":{"rendered":"Siria participa en la trig\u00e9simo tercera Conferencia de Ministros \u00c1rabes de Educaci\u00f3n en Marruecos"},"content":{"rendered":"<p style=\"text-align: justify;\"><span style=\"color: #800000;\"><strong>Rabat, 30 may (SANA)<\/strong><\/span>\u00a0 Siria participa en la 13a Conferencia de Ministros \u00c1rabes de Educaci\u00f3n, que se celebra en la capital marroqu\u00ed, Rabat, bajo el lema \u201cel futuro de la educaci\u00f3n en el mundo \u00e1rabe en la era de la transformaci\u00f3n digital\u201d.<\/p>\n<p style=\"text-align: justify;\">La delegaci\u00f3n siria est\u00e1 conformada por el ministro de Educaci\u00f3n, Darem Tabaa, y el director de Inform\u00e1tica del Ministerio, Yasser Noah.<\/p>\n<p style=\"text-align: justify;\">Los participantes en la reuni\u00f3n ministerial examinaron el futuro de la educaci\u00f3n en el mundo \u00e1rabe y las v\u00edas para financiar la inclusi\u00f3n de la educaci\u00f3n a distancia en los planes de estudios educativos.<\/p>\n<p style=\"text-align: justify;\"><strong>ws\/fm<\/strong><\/p>\n","protected":false},"excerpt":{"rendered":"<p>Rabat, 30 may (SANA)\u00a0 Siria participa en la 13a Conferencia de Ministros \u00c1rabes de Educaci\u00f3n, que se celebra en la capital marroqu\u00ed, Rabat, bajo el lema \u201cel futuro de la educaci\u00f3n en el mundo \u00e1rabe en la era de la transformaci\u00f3n digital\u201d. La delegaci\u00f3n siria est\u00e1 conformada por el ministro de Educaci\u00f3n, Darem Tabaa, y &hellip;<\/p>\n","protected":false},"author":35,"featured_media":299145,"comment_status":"closed","ping_status":"closed","sticky":false,"template":"","format":"standard","meta":{"footnotes":""},"categories":[597,20724,467,7541],"tags":[],"class_list":["post-299144","post","type-post","status-publish","format-standard","has-post-thumbnail","","category-cinta-de-noticias","category-minuto-a-minuto","category-siria-y-el-mundo","category-ultimas-noticias"],"_links":{"self":[{"href":"https:\/\/archive.sana.sy\/es\/index.php?rest_route=\/wp\/v2\/posts\/299144"}],"collection":[{"href":"https:\/\/archive.sana.sy\/es\/index.php?rest_route=\/wp\/v2\/posts"}],"about":[{"href":"https:\/\/archive.sana.sy\/es\/index.php?rest_route=\/wp\/v2\/types\/post"}],"author":[{"embeddable":true,"href":"https:\/\/archive.sana.sy\/es\/index.php?rest_route=\/wp\/v2\/users\/35"}],"replies":[{"embeddable":true,"href":"https:\/\/archive.sana.sy\/es\/index.php?rest_route=%2Fwp%2Fv2%2Fcomments&post=299144"}],"version-history":[{"count":2,"href":"https:\/\/archive.sana.sy\/es\/index.php?rest_route=\/wp\/v2\/posts\/299144\/revisions"}],"predecessor-version":[{"id":299147,"href":"https:\/\/archive.sana.sy\/es\/index.php?rest_route=\/wp\/v2\/posts\/299144\/revisions\/299147"}],"wp:featuredmedia":[{"embeddable":true,"href":"https:\/\/archive.sana.sy\/es\/index.php?rest_route=\/wp\/v2\/media\/299145"}],"wp:attachment":[{"href":"https:\/\/archive.sana.sy\/es\/index.php?rest_route=%2Fwp%2Fv2%2Fmedia&parent=299144"}],"wp:term":[{"taxonomy":"category","embeddable":true,"href":"https:\/\/archive.sana.sy\/es\/index.php?rest_route=%2Fwp%2Fv2%2Fcategories&post=299144"},{"taxonomy":"post_tag","embeddable":true,"href":"https:\/\/archive.sana.sy\/es\/index.php?rest_route=%2Fwp%2Fv2%2Ftags&post=299144"}],"curies":[{"name":"wp","href":"https:\/\/api.w.org\/{rel}","templated":true}]}}