{"id":299148,"date":"2023-05-30T10:28:18","date_gmt":"2023-05-30T07:28:18","guid":{"rendered":"https:\/\/sana.sy\/es\/?p=299148"},"modified":"2023-05-30T18:29:33","modified_gmt":"2023-05-30T15:29:33","slug":"defensa-rusa-confirma-haber-derribado-8-drones-ucranianos-sobre-moscu","status":"publish","type":"post","link":"https:\/\/archive.sana.sy\/es\/?p=299148","title":{"rendered":"Defensa rusa confirma haber derribado 8 drones ucranianos sobre Mosc\u00fa"},"content":{"rendered":"<blockquote>\n<p style=\"text-align: justify\"><span style=\"color: #993300\">Seg\u00fan inform\u00f3 el ente castrense, los 8 veh\u00edculos a\u00e9reos no tripulados empleados en el ataque fueron neutralizados, y calific\u00f3 el acto de terrorista.<\/span><\/p>\n<\/blockquote>\n<p style=\"text-align: justify\"><span style=\"color: #800000\"><strong>Mosc\u00fa, 30 may (SANA)<\/strong> <\/span>El Ministerio de Defensa ruso responsabiliz\u00f3 hoy al r\u00e9gimen de Kiev del ataque con drones contra la Regi\u00f3n de Mosc\u00fa este martes.<\/p>\n<p style=\"text-align: justify\">Seg\u00fan inform\u00f3 el ente castrense, los 8 veh\u00edculos a\u00e9reos no tripulados empleados en el ataque fueron neutralizados, y calific\u00f3 el acto de terrorista.<\/p>\n<p style=\"text-align: justify\">Un ataque con drones tuvo lugar hoy contra algunas edificaciones en la capital rusa Mosc\u00fa.<\/p>\n<p style=\"text-align: justify\">El alcalde de Mosc\u00fa, Sergu\u00e9i Sobianin, declar\u00f3 que varios edificios de la urbe resultaron ligeramente da\u00f1ados.<\/p>\n<p style=\"text-align: justify\">\u201cEsta madrugada varios edificios sufrieron da\u00f1os leves como consecuencia de un ataque con drones\u201d, escribi\u00f3 Sobianin en su cuenta de Telegram.<\/p>\n<p style=\"text-align: justify\">fm\/as<\/p>\n","protected":false},"excerpt":{"rendered":"<p>Seg\u00fan inform\u00f3 el ente castrense, los 8 veh\u00edculos a\u00e9reos no tripulados empleados en el ataque fueron neutralizados, y calific\u00f3 el acto de terrorista. Mosc\u00fa, 30 may (SANA) El Ministerio de Defensa ruso responsabiliz\u00f3 hoy al r\u00e9gimen de Kiev del ataque con drones contra la Regi\u00f3n de Mosc\u00fa este martes. Seg\u00fan inform\u00f3 el ente castrense, los &hellip;<\/p>\n","protected":false},"author":42,"featured_media":299153,"comment_status":"closed","ping_status":"closed","sticky":false,"template":"","format":"standard","meta":{"footnotes":""},"categories":[597,456,16687,20724,583],"tags":[],"class_list":["post-299148","post","type-post","status-publish","format-standard","has-post-thumbnail","","category-cinta-de-noticias","category-arabe-internacional-politica","category-internacionales","category-minuto-a-minuto","category-slide"],"_links":{"self":[{"href":"https:\/\/archive.sana.sy\/es\/index.php?rest_route=\/wp\/v2\/posts\/299148"}],"collection":[{"href":"https:\/\/archive.sana.sy\/es\/index.php?rest_route=\/wp\/v2\/posts"}],"about":[{"href":"https:\/\/archive.sana.sy\/es\/index.php?rest_route=\/wp\/v2\/types\/post"}],"author":[{"embeddable":true,"href":"https:\/\/archive.sana.sy\/es\/index.php?rest_route=\/wp\/v2\/users\/42"}],"replies":[{"embeddable":true,"href":"https:\/\/archive.sana.sy\/es\/index.php?rest_route=%2Fwp%2Fv2%2Fcomments&post=299148"}],"version-history":[{"count":5,"href":"https:\/\/archive.sana.sy\/es\/index.php?rest_route=\/wp\/v2\/posts\/299148\/revisions"}],"predecessor-version":[{"id":299193,"href":"https:\/\/archive.sana.sy\/es\/index.php?rest_route=\/wp\/v2\/posts\/299148\/revisions\/299193"}],"wp:featuredmedia":[{"embeddable":true,"href":"https:\/\/archive.sana.sy\/es\/index.php?rest_route=\/wp\/v2\/media\/299153"}],"wp:attachment":[{"href":"https:\/\/archive.sana.sy\/es\/index.php?rest_route=%2Fwp%2Fv2%2Fmedia&parent=299148"}],"wp:term":[{"taxonomy":"category","embeddable":true,"href":"https:\/\/archive.sana.sy\/es\/index.php?rest_route=%2Fwp%2Fv2%2Fcategories&post=299148"},{"taxonomy":"post_tag","embeddable":true,"href":"https:\/\/archive.sana.sy\/es\/index.php?rest_route=%2Fwp%2Fv2%2Ftags&post=299148"}],"curies":[{"name":"wp","href":"https:\/\/api.w.org\/{rel}","templated":true}]}}