{"id":299155,"date":"2023-05-30T11:56:54","date_gmt":"2023-05-30T08:56:54","guid":{"rendered":"http:\/\/sana.sy\/es\/?p=299155"},"modified":"2023-05-30T11:56:54","modified_gmt":"2023-05-30T08:56:54","slug":"lula-y-maduro-lanzan-nueva-era-de-relaciones-entre-brasil-y-venezuela","status":"publish","type":"post","link":"https:\/\/archive.sana.sy\/es\/?p=299155","title":{"rendered":"Lula y Maduro lanzan &#8220;nueva era&#8221; de relaciones entre Brasil y Venezuela"},"content":{"rendered":"<p style=\"text-align: justify;\"><span style=\"color: #800000;\"><strong>\u00a0Brasilia, 30 may (SANA)\u00a0<\/strong><\/span> \u00a0El presidente venezolano, Nicol\u00e1s Maduro, anunci\u00f3 durante su encuentro con su hom\u00f3logo brasile\u00f1o, Luiz In\u00e1cio Lula da Silva, la apertura de una &#8220;nueva era&#8221; en las relaciones entre ambos pa\u00edses.<\/p>\n<p style=\"text-align: justify;\">&#8220;Venezuela siempre ha sido un socio excepcional para Brasil. Pero debido a las contingencias pol\u00edticas y a los equ\u00edvocos, el presidente Maduro pas\u00f3 ocho a\u00f1os sin venir a Brasil, divulg\u00f3 la Agencia de Prensa Francesa (AFP) citando al mandatario Maduro.<\/p>\n<p style=\"text-align: justify;\">Calific\u00f3 la reanudaci\u00f3n de las relaciones entre los dos pa\u00edses como un momento &#8220;hist\u00f3rico&#8221;.<\/p>\n<p style=\"text-align: justify;\">Maduro, que hab\u00eda visitado Brasil por \u00faltima vez en 2015, lleg\u00f3 el domingo a la capital brasile\u00f1a para participar de una reuni\u00f3n el martes junto a los dem\u00e1s gobernantes de Suram\u00e9rica, convocada por Lula.<\/p>\n<p style=\"text-align: justify;\">ed\/fm<\/p>\n","protected":false},"excerpt":{"rendered":"<p>\u00a0Brasilia, 30 may (SANA)\u00a0 \u00a0El presidente venezolano, Nicol\u00e1s Maduro, anunci\u00f3 durante su encuentro con su hom\u00f3logo brasile\u00f1o, Luiz In\u00e1cio Lula da Silva, la apertura de una &#8220;nueva era&#8221; en las relaciones entre ambos pa\u00edses. &#8220;Venezuela siempre ha sido un socio excepcional para Brasil. Pero debido a las contingencias pol\u00edticas y a los equ\u00edvocos, el presidente &hellip;<\/p>\n","protected":false},"author":32,"featured_media":299156,"comment_status":"closed","ping_status":"closed","sticky":false,"template":"","format":"standard","meta":{"footnotes":""},"categories":[597,456,16687,20724,7541],"tags":[],"class_list":["post-299155","post","type-post","status-publish","format-standard","has-post-thumbnail","","category-cinta-de-noticias","category-arabe-internacional-politica","category-internacionales","category-minuto-a-minuto","category-ultimas-noticias"],"_links":{"self":[{"href":"https:\/\/archive.sana.sy\/es\/index.php?rest_route=\/wp\/v2\/posts\/299155"}],"collection":[{"href":"https:\/\/archive.sana.sy\/es\/index.php?rest_route=\/wp\/v2\/posts"}],"about":[{"href":"https:\/\/archive.sana.sy\/es\/index.php?rest_route=\/wp\/v2\/types\/post"}],"author":[{"embeddable":true,"href":"https:\/\/archive.sana.sy\/es\/index.php?rest_route=\/wp\/v2\/users\/32"}],"replies":[{"embeddable":true,"href":"https:\/\/archive.sana.sy\/es\/index.php?rest_route=%2Fwp%2Fv2%2Fcomments&post=299155"}],"version-history":[{"count":1,"href":"https:\/\/archive.sana.sy\/es\/index.php?rest_route=\/wp\/v2\/posts\/299155\/revisions"}],"predecessor-version":[{"id":299157,"href":"https:\/\/archive.sana.sy\/es\/index.php?rest_route=\/wp\/v2\/posts\/299155\/revisions\/299157"}],"wp:featuredmedia":[{"embeddable":true,"href":"https:\/\/archive.sana.sy\/es\/index.php?rest_route=\/wp\/v2\/media\/299156"}],"wp:attachment":[{"href":"https:\/\/archive.sana.sy\/es\/index.php?rest_route=%2Fwp%2Fv2%2Fmedia&parent=299155"}],"wp:term":[{"taxonomy":"category","embeddable":true,"href":"https:\/\/archive.sana.sy\/es\/index.php?rest_route=%2Fwp%2Fv2%2Fcategories&post=299155"},{"taxonomy":"post_tag","embeddable":true,"href":"https:\/\/archive.sana.sy\/es\/index.php?rest_route=%2Fwp%2Fv2%2Ftags&post=299155"}],"curies":[{"name":"wp","href":"https:\/\/api.w.org\/{rel}","templated":true}]}}