{"id":299158,"date":"2023-05-30T12:32:02","date_gmt":"2023-05-30T09:32:02","guid":{"rendered":"http:\/\/sana.sy\/es\/?p=299158"},"modified":"2023-05-30T12:38:22","modified_gmt":"2023-05-30T09:38:22","slug":"hija-del-che-aboga-por-respaldo-de-gobiernos-del-mundo-a-palestina","status":"publish","type":"post","link":"https:\/\/archive.sana.sy\/es\/?p=299158","title":{"rendered":"Hija del Che aboga por respaldo de gobiernos del mundo a Palestina"},"content":{"rendered":"<p style=\"text-align: justify;\"><span style=\"color: #800000;\"><strong>Beirut, 30 may (SANA )<\/strong><\/span> Aleida Guevara, hija del internacionalista Ernesto Che Guevara abog\u00f3 por un mayor apoyo a la causa del pueblo palestino.<\/p>\n<p style=\"text-align: justify;\">Durante su participaci\u00f3n en el evento de los embajadores del retorno palestino en La capital libanesa, Beirut, la doctora internacionalista cr\u00edtico el silencio del mundo ante los cr\u00edmenes de lesa humanidad cometidos contra los palestinos e insisti\u00f3 en la necesidad de hacer todo lo posible para defender los derechos de esta poblaci\u00f3n \u00e1rabe.<\/p>\n<p style=\"text-align: justify;\">El Che nos ped\u00eda unir todo el mundo con el fin de sentir el sufrimiento cotidiano de este pueblo, afirm\u00f3.<\/p>\n<p style=\"text-align: justify;\">Asever\u00f3 que este pueblo es due\u00f1o de sus tierras y fronteras y en esta l\u00ednea de pensamiento alent\u00f3 a la continuaci\u00f3n de la lucha hasta alcanzar la victoria.<\/p>\n<p style=\"text-align: justify;\"><strong>ws\/fm<\/strong><\/p>\n","protected":false},"excerpt":{"rendered":"<p>Beirut, 30 may (SANA ) Aleida Guevara, hija del internacionalista Ernesto Che Guevara abog\u00f3 por un mayor apoyo a la causa del pueblo palestino. Durante su participaci\u00f3n en el evento de los embajadores del retorno palestino en La capital libanesa, Beirut, la doctora internacionalista cr\u00edtico el silencio del mundo ante los cr\u00edmenes de lesa humanidad &hellip;<\/p>\n","protected":false},"author":35,"featured_media":299159,"comment_status":"closed","ping_status":"closed","sticky":false,"template":"","format":"standard","meta":{"footnotes":""},"categories":[597,456,16687,20724,7541],"tags":[],"class_list":["post-299158","post","type-post","status-publish","format-standard","has-post-thumbnail","","category-cinta-de-noticias","category-arabe-internacional-politica","category-internacionales","category-minuto-a-minuto","category-ultimas-noticias"],"_links":{"self":[{"href":"https:\/\/archive.sana.sy\/es\/index.php?rest_route=\/wp\/v2\/posts\/299158"}],"collection":[{"href":"https:\/\/archive.sana.sy\/es\/index.php?rest_route=\/wp\/v2\/posts"}],"about":[{"href":"https:\/\/archive.sana.sy\/es\/index.php?rest_route=\/wp\/v2\/types\/post"}],"author":[{"embeddable":true,"href":"https:\/\/archive.sana.sy\/es\/index.php?rest_route=\/wp\/v2\/users\/35"}],"replies":[{"embeddable":true,"href":"https:\/\/archive.sana.sy\/es\/index.php?rest_route=%2Fwp%2Fv2%2Fcomments&post=299158"}],"version-history":[{"count":3,"href":"https:\/\/archive.sana.sy\/es\/index.php?rest_route=\/wp\/v2\/posts\/299158\/revisions"}],"predecessor-version":[{"id":299162,"href":"https:\/\/archive.sana.sy\/es\/index.php?rest_route=\/wp\/v2\/posts\/299158\/revisions\/299162"}],"wp:featuredmedia":[{"embeddable":true,"href":"https:\/\/archive.sana.sy\/es\/index.php?rest_route=\/wp\/v2\/media\/299159"}],"wp:attachment":[{"href":"https:\/\/archive.sana.sy\/es\/index.php?rest_route=%2Fwp%2Fv2%2Fmedia&parent=299158"}],"wp:term":[{"taxonomy":"category","embeddable":true,"href":"https:\/\/archive.sana.sy\/es\/index.php?rest_route=%2Fwp%2Fv2%2Fcategories&post=299158"},{"taxonomy":"post_tag","embeddable":true,"href":"https:\/\/archive.sana.sy\/es\/index.php?rest_route=%2Fwp%2Fv2%2Ftags&post=299158"}],"curies":[{"name":"wp","href":"https:\/\/api.w.org\/{rel}","templated":true}]}}