{"id":299282,"date":"2023-05-31T13:43:18","date_gmt":"2023-05-31T10:43:18","guid":{"rendered":"http:\/\/sana.sy\/es\/?p=299282"},"modified":"2023-05-31T13:43:18","modified_gmt":"2023-05-31T10:43:18","slug":"manifestacion-en-praga-contra-la-firma-de-un-acuerdo-militar-con-eeuu","status":"publish","type":"post","link":"https:\/\/archive.sana.sy\/es\/?p=299282","title":{"rendered":"Manifestaci\u00f3n en Praga contra la firma de un acuerdo militar con EEUU"},"content":{"rendered":"<blockquote>\n<p style=\"text-align: justify;\"><span style=\"color: #800000;\">Los participantes en la protesta que se reunieron en la Plaza de Mala Strana, cerca de la sede del Parlamento checo y de la Embajada de EEUU en Praga, expresaron su rechazo a cualquier presencia militar de los EEUU y su oposici\u00f3n a esto tratado.<\/span><\/p>\n<\/blockquote>\n<p style=\"text-align: justify;\"><span style=\"color: #800000;\"><strong>Praga, 31 may (SANA)\u00a0<\/strong> <\/span>Decenas de personas se manifestaron en la capital checa, Praga, para denunciar por la firma por parte del gobierno checo de un acuerdo militar para desplegar bases estadounidenses en su pa\u00eds.<\/p>\n<p style=\"text-align: justify;\">Los participantes en la protesta que se reunieron en la Plaza de Mala Strana, cerca de la sede del Parlamento checo y de la Embajada de EEUU en Praga, expresaron su rechazo a cualquier presencia militar de los EEUU y su oposici\u00f3n a esto tratado.<\/p>\n<p style=\"text-align: justify;\">Esta protesta es la segunda que se realiza en Praga este mes, en rechazo a este tratado, que muchos checos ven como una limitaci\u00f3n de la soberan\u00eda de su pa\u00eds y aumenta su dependencia de Estados Unidos.<\/p>\n<p style=\"text-align: justify;\">El texto del tratado da inmunidad a los militares estadounidenses ante la ley checa, lo que significa que no ser\u00e1 posible procesar a las fuerzas estadounidenses.<\/p>\n<p style=\"text-align: justify;\"><strong>as\/fm<\/strong><\/p>\n","protected":false},"excerpt":{"rendered":"<p>Los participantes en la protesta que se reunieron en la Plaza de Mala Strana, cerca de la sede del Parlamento checo y de la Embajada de EEUU en Praga, expresaron su rechazo a cualquier presencia militar de los EEUU y su oposici\u00f3n a esto tratado. Praga, 31 may (SANA)\u00a0 Decenas de personas se manifestaron en &hellip;<\/p>\n","protected":false},"author":35,"featured_media":299283,"comment_status":"closed","ping_status":"closed","sticky":false,"template":"","format":"standard","meta":{"footnotes":""},"categories":[597,456,16687,7541],"tags":[],"class_list":["post-299282","post","type-post","status-publish","format-standard","has-post-thumbnail","","category-cinta-de-noticias","category-arabe-internacional-politica","category-internacionales","category-ultimas-noticias"],"_links":{"self":[{"href":"https:\/\/archive.sana.sy\/es\/index.php?rest_route=\/wp\/v2\/posts\/299282"}],"collection":[{"href":"https:\/\/archive.sana.sy\/es\/index.php?rest_route=\/wp\/v2\/posts"}],"about":[{"href":"https:\/\/archive.sana.sy\/es\/index.php?rest_route=\/wp\/v2\/types\/post"}],"author":[{"embeddable":true,"href":"https:\/\/archive.sana.sy\/es\/index.php?rest_route=\/wp\/v2\/users\/35"}],"replies":[{"embeddable":true,"href":"https:\/\/archive.sana.sy\/es\/index.php?rest_route=%2Fwp%2Fv2%2Fcomments&post=299282"}],"version-history":[{"count":1,"href":"https:\/\/archive.sana.sy\/es\/index.php?rest_route=\/wp\/v2\/posts\/299282\/revisions"}],"predecessor-version":[{"id":299284,"href":"https:\/\/archive.sana.sy\/es\/index.php?rest_route=\/wp\/v2\/posts\/299282\/revisions\/299284"}],"wp:featuredmedia":[{"embeddable":true,"href":"https:\/\/archive.sana.sy\/es\/index.php?rest_route=\/wp\/v2\/media\/299283"}],"wp:attachment":[{"href":"https:\/\/archive.sana.sy\/es\/index.php?rest_route=%2Fwp%2Fv2%2Fmedia&parent=299282"}],"wp:term":[{"taxonomy":"category","embeddable":true,"href":"https:\/\/archive.sana.sy\/es\/index.php?rest_route=%2Fwp%2Fv2%2Fcategories&post=299282"},{"taxonomy":"post_tag","embeddable":true,"href":"https:\/\/archive.sana.sy\/es\/index.php?rest_route=%2Fwp%2Fv2%2Ftags&post=299282"}],"curies":[{"name":"wp","href":"https:\/\/api.w.org\/{rel}","templated":true}]}}