{"id":299285,"date":"2023-05-31T13:55:14","date_gmt":"2023-05-31T10:55:14","guid":{"rendered":"http:\/\/sana.sy\/es\/?p=299285"},"modified":"2023-05-31T13:55:14","modified_gmt":"2023-05-31T10:55:14","slug":"ataques-israelies-contra-siria-ponen-en-riesgo-la-paz-y-la-estabilidad-en-la-region-asegura-iran","status":"publish","type":"post","link":"https:\/\/archive.sana.sy\/es\/?p=299285","title":{"rendered":"Ataques israel\u00edes contra Siria ponen en riesgo la paz y la estabilidad en la regi\u00f3n, asegura Ir\u00e1n"},"content":{"rendered":"<p style=\"text-align: justify;\"><span style=\"color: #800000;\"><strong>Teher\u00e1n, 31 may (SANA) <\/strong><\/span>La asistente del delegado de Ir\u00e1n ante las Naciones Unidas, Zahra Ershadi, subray\u00f3 que las frecuentes agresiones israel\u00edes contra el territorio sirio violan claramente el derecho internacional humanitario y los principios consagrados en la Carta de las Naciones Unidas.<\/p>\n<p style=\"text-align: justify;\">Estos bombardeos constituyen una grave amenaza para la paz y la estabilidad en la regi\u00f3n, afirm\u00f3.<\/p>\n<p style=\"text-align: justify;\">Durante una reuni\u00f3n del Consejo de Seguridad de la ONU, Ershadi critic\u00f3 el fracaso de la comunidad internacional para poner fin a estas violaciones sionistas.<\/p>\n<p style=\"text-align: justify;\">Ir\u00e1n condena en\u00e9rgicamente estos cr\u00edmenes atroces y destaca la necesidad urgente de tomar medidas urgentes y decisivas para hacer frente a esta entidad sionista, agreg\u00f3.<\/p>\n<p style=\"text-align: justify;\">ws\/fm\/as<\/p>\n","protected":false},"excerpt":{"rendered":"<p>Teher\u00e1n, 31 may (SANA) La asistente del delegado de Ir\u00e1n ante las Naciones Unidas, Zahra Ershadi, subray\u00f3 que las frecuentes agresiones israel\u00edes contra el territorio sirio violan claramente el derecho internacional humanitario y los principios consagrados en la Carta de las Naciones Unidas. Estos bombardeos constituyen una grave amenaza para la paz y la estabilidad &hellip;<\/p>\n","protected":false},"author":42,"featured_media":299287,"comment_status":"closed","ping_status":"closed","sticky":false,"template":"","format":"standard","meta":{"footnotes":""},"categories":[597,456,16687,20724,7541],"tags":[],"class_list":["post-299285","post","type-post","status-publish","format-standard","has-post-thumbnail","","category-cinta-de-noticias","category-arabe-internacional-politica","category-internacionales","category-minuto-a-minuto","category-ultimas-noticias"],"_links":{"self":[{"href":"https:\/\/archive.sana.sy\/es\/index.php?rest_route=\/wp\/v2\/posts\/299285"}],"collection":[{"href":"https:\/\/archive.sana.sy\/es\/index.php?rest_route=\/wp\/v2\/posts"}],"about":[{"href":"https:\/\/archive.sana.sy\/es\/index.php?rest_route=\/wp\/v2\/types\/post"}],"author":[{"embeddable":true,"href":"https:\/\/archive.sana.sy\/es\/index.php?rest_route=\/wp\/v2\/users\/42"}],"replies":[{"embeddable":true,"href":"https:\/\/archive.sana.sy\/es\/index.php?rest_route=%2Fwp%2Fv2%2Fcomments&post=299285"}],"version-history":[{"count":1,"href":"https:\/\/archive.sana.sy\/es\/index.php?rest_route=\/wp\/v2\/posts\/299285\/revisions"}],"predecessor-version":[{"id":299288,"href":"https:\/\/archive.sana.sy\/es\/index.php?rest_route=\/wp\/v2\/posts\/299285\/revisions\/299288"}],"wp:featuredmedia":[{"embeddable":true,"href":"https:\/\/archive.sana.sy\/es\/index.php?rest_route=\/wp\/v2\/media\/299287"}],"wp:attachment":[{"href":"https:\/\/archive.sana.sy\/es\/index.php?rest_route=%2Fwp%2Fv2%2Fmedia&parent=299285"}],"wp:term":[{"taxonomy":"category","embeddable":true,"href":"https:\/\/archive.sana.sy\/es\/index.php?rest_route=%2Fwp%2Fv2%2Fcategories&post=299285"},{"taxonomy":"post_tag","embeddable":true,"href":"https:\/\/archive.sana.sy\/es\/index.php?rest_route=%2Fwp%2Fv2%2Ftags&post=299285"}],"curies":[{"name":"wp","href":"https:\/\/api.w.org\/{rel}","templated":true}]}}