{"id":299289,"date":"2023-05-31T14:20:12","date_gmt":"2023-05-31T11:20:12","guid":{"rendered":"http:\/\/sana.sy\/es\/?p=299289"},"modified":"2023-05-31T14:21:51","modified_gmt":"2023-05-31T11:21:51","slug":"siria-condena-reciente-ataque-ucraniano-con-drones-contra-moscu","status":"publish","type":"post","link":"https:\/\/archive.sana.sy\/es\/?p=299289","title":{"rendered":"Siria condena reciente ataque ucraniano con drones contra Mosc\u00fa"},"content":{"rendered":"<p style=\"text-align: justify;\"><span style=\"color: #800000;\"><strong>Damasco, 31 may (SANA)\u00a0<\/strong> <\/span>Siria conden\u00f3 en\u00e9rgicamente la agresi\u00f3n con drones del r\u00e9gimen ucraniano contra Mosc\u00fa.<\/p>\n<p style=\"text-align: justify;\">Este ataque constituye una escalada agresiva de la OTAN contra Rusia y representa una grave amenaza para la seguridad y la estabilidad internacionales, afirm\u00f3 la Canciller\u00eda siria por medio de un comunicado.<\/p>\n<p style=\"text-align: justify;\">El texto manifiesta la absoluta solidaridad con los amigos rusos y destaca la confianza en su capacidad de frenar estos ataques criminales tan flagrantes del r\u00e9gimen de Kiev, y de tomar todas las medidas para defender la integridad de los territorios rusos y la seguridad de sus ciudadanos.<\/p>\n<p style=\"text-align: justify;\">La v\u00edspera, el Ministerio de Defensa ruso responsabiliz\u00f3 al r\u00e9gimen de Kiev del ataque con drones contra la Regi\u00f3n de Mosc\u00fa, y revel\u00f3 que los ocho veh\u00edculos a\u00e9reos no tripulados empleados en el ataque fueron neutralizados.<\/p>\n<p style=\"text-align: justify;\">fm\/as<\/p>\n","protected":false},"excerpt":{"rendered":"<p>Damasco, 31 may (SANA)\u00a0 Siria conden\u00f3 en\u00e9rgicamente la agresi\u00f3n con drones del r\u00e9gimen ucraniano contra Mosc\u00fa. Este ataque constituye una escalada agresiva de la OTAN contra Rusia y representa una grave amenaza para la seguridad y la estabilidad internacionales, afirm\u00f3 la Canciller\u00eda siria por medio de un comunicado. El texto manifiesta la absoluta solidaridad con &hellip;<\/p>\n","protected":false},"author":42,"featured_media":299290,"comment_status":"closed","ping_status":"closed","sticky":false,"template":"","format":"standard","meta":{"footnotes":""},"categories":[597,20724,467,583],"tags":[],"class_list":["post-299289","post","type-post","status-publish","format-standard","has-post-thumbnail","","category-cinta-de-noticias","category-minuto-a-minuto","category-siria-y-el-mundo","category-slide"],"_links":{"self":[{"href":"https:\/\/archive.sana.sy\/es\/index.php?rest_route=\/wp\/v2\/posts\/299289"}],"collection":[{"href":"https:\/\/archive.sana.sy\/es\/index.php?rest_route=\/wp\/v2\/posts"}],"about":[{"href":"https:\/\/archive.sana.sy\/es\/index.php?rest_route=\/wp\/v2\/types\/post"}],"author":[{"embeddable":true,"href":"https:\/\/archive.sana.sy\/es\/index.php?rest_route=\/wp\/v2\/users\/42"}],"replies":[{"embeddable":true,"href":"https:\/\/archive.sana.sy\/es\/index.php?rest_route=%2Fwp%2Fv2%2Fcomments&post=299289"}],"version-history":[{"count":2,"href":"https:\/\/archive.sana.sy\/es\/index.php?rest_route=\/wp\/v2\/posts\/299289\/revisions"}],"predecessor-version":[{"id":299293,"href":"https:\/\/archive.sana.sy\/es\/index.php?rest_route=\/wp\/v2\/posts\/299289\/revisions\/299293"}],"wp:featuredmedia":[{"embeddable":true,"href":"https:\/\/archive.sana.sy\/es\/index.php?rest_route=\/wp\/v2\/media\/299290"}],"wp:attachment":[{"href":"https:\/\/archive.sana.sy\/es\/index.php?rest_route=%2Fwp%2Fv2%2Fmedia&parent=299289"}],"wp:term":[{"taxonomy":"category","embeddable":true,"href":"https:\/\/archive.sana.sy\/es\/index.php?rest_route=%2Fwp%2Fv2%2Fcategories&post=299289"},{"taxonomy":"post_tag","embeddable":true,"href":"https:\/\/archive.sana.sy\/es\/index.php?rest_route=%2Fwp%2Fv2%2Ftags&post=299289"}],"curies":[{"name":"wp","href":"https:\/\/api.w.org\/{rel}","templated":true}]}}