{"id":299294,"date":"2023-05-31T15:29:27","date_gmt":"2023-05-31T12:29:27","guid":{"rendered":"http:\/\/sana.sy\/es\/?p=299294"},"modified":"2023-05-31T15:29:27","modified_gmt":"2023-05-31T12:29:27","slug":"rusia-promete-respuesta-dura-al-ataque-con-drones-a-moscu","status":"publish","type":"post","link":"https:\/\/archive.sana.sy\/es\/?p=299294","title":{"rendered":"Rusia promete respuesta dura al ataque con drones a Mosc\u00fa"},"content":{"rendered":"<blockquote>\n<p style=\"text-align: justify;\"><span style=\"color: #993300;\">El apoyo de Occidente empuja a Kiev a \u201cactos delictivos cada vez m\u00e1s imprudentes, incluido el terrorismo, la violaci\u00f3n del derecho humanitario internacional y cr\u00edmenes de guerra\u201d, denunci\u00f3 la entidad diplom\u00e1tica.<\/span><\/p>\n<\/blockquote>\n<p style=\"text-align: justify;\"><span style=\"color: #800000;\"><strong>Mosc\u00fa, 31 may (SANA)<\/strong><\/span> Rusia se reserva el derecho de adoptar las medidas m\u00e1s severas y duras de en represalia por el ataque con drones contra instalaciones civiles en Mosc\u00fa, afirm\u00f3 el Ministerio de Asuntos Exteriores ruso.<\/p>\n<p style=\"text-align: justify;\">Agreg\u00f3 que \u201clos ataques de este tipo no tienen ning\u00fan sentido desde el punto de vista militar y parecen apuntar exclusivamente a la poblaci\u00f3n civil, con el objetivo de sembrar el p\u00e1nico entre los civiles\u201d.<\/p>\n<p style=\"text-align: justify;\">Seg\u00fan el comunicado de Canciller\u00eda, el apoyo de Occidente empuja a Kiev a \u201cactos delictivos cada vez m\u00e1s imprudentes, incluido el terrorismo, la violaci\u00f3n del derecho humanitario internacional y cr\u00edmenes de guerra\u201d.<\/p>\n<p style=\"text-align: justify;\">fm\/as<\/p>\n","protected":false},"excerpt":{"rendered":"<p>El apoyo de Occidente empuja a Kiev a \u201cactos delictivos cada vez m\u00e1s imprudentes, incluido el terrorismo, la violaci\u00f3n del derecho humanitario internacional y cr\u00edmenes de guerra\u201d, denunci\u00f3 la entidad diplom\u00e1tica. Mosc\u00fa, 31 may (SANA) Rusia se reserva el derecho de adoptar las medidas m\u00e1s severas y duras de en represalia por el ataque con &hellip;<\/p>\n","protected":false},"author":42,"featured_media":299295,"comment_status":"closed","ping_status":"closed","sticky":false,"template":"","format":"standard","meta":{"footnotes":""},"categories":[597,456,16687,20724,7541],"tags":[],"class_list":["post-299294","post","type-post","status-publish","format-standard","has-post-thumbnail","","category-cinta-de-noticias","category-arabe-internacional-politica","category-internacionales","category-minuto-a-minuto","category-ultimas-noticias"],"_links":{"self":[{"href":"https:\/\/archive.sana.sy\/es\/index.php?rest_route=\/wp\/v2\/posts\/299294"}],"collection":[{"href":"https:\/\/archive.sana.sy\/es\/index.php?rest_route=\/wp\/v2\/posts"}],"about":[{"href":"https:\/\/archive.sana.sy\/es\/index.php?rest_route=\/wp\/v2\/types\/post"}],"author":[{"embeddable":true,"href":"https:\/\/archive.sana.sy\/es\/index.php?rest_route=\/wp\/v2\/users\/42"}],"replies":[{"embeddable":true,"href":"https:\/\/archive.sana.sy\/es\/index.php?rest_route=%2Fwp%2Fv2%2Fcomments&post=299294"}],"version-history":[{"count":1,"href":"https:\/\/archive.sana.sy\/es\/index.php?rest_route=\/wp\/v2\/posts\/299294\/revisions"}],"predecessor-version":[{"id":299296,"href":"https:\/\/archive.sana.sy\/es\/index.php?rest_route=\/wp\/v2\/posts\/299294\/revisions\/299296"}],"wp:featuredmedia":[{"embeddable":true,"href":"https:\/\/archive.sana.sy\/es\/index.php?rest_route=\/wp\/v2\/media\/299295"}],"wp:attachment":[{"href":"https:\/\/archive.sana.sy\/es\/index.php?rest_route=%2Fwp%2Fv2%2Fmedia&parent=299294"}],"wp:term":[{"taxonomy":"category","embeddable":true,"href":"https:\/\/archive.sana.sy\/es\/index.php?rest_route=%2Fwp%2Fv2%2Fcategories&post=299294"},{"taxonomy":"post_tag","embeddable":true,"href":"https:\/\/archive.sana.sy\/es\/index.php?rest_route=%2Fwp%2Fv2%2Ftags&post=299294"}],"curies":[{"name":"wp","href":"https:\/\/api.w.org\/{rel}","templated":true}]}}