{"id":299300,"date":"2023-05-31T16:21:34","date_gmt":"2023-05-31T13:21:34","guid":{"rendered":"http:\/\/sana.sy\/es\/?p=299300"},"modified":"2023-05-31T16:21:34","modified_gmt":"2023-05-31T13:21:34","slug":"rusia-destruyo-con-un-misil-a-un-buque-de-guerra-ucraniano-y-elimino-a-530-militares-de-kiev","status":"publish","type":"post","link":"https:\/\/archive.sana.sy\/es\/?p=299300","title":{"rendered":"Rusia destruy\u00f3 con un misil a un buque de guerra ucraniano y elimin\u00f3 a 530 militares de Kiev"},"content":{"rendered":"<p style=\"text-align: justify;\"><span style=\"color: #800000;\"><strong>Mosc\u00fa, 31 may (SANA)<\/strong><\/span> Las Fuerzas Aeroespaciales de Rusia destruyeron el buque de guerra ucraniano Yuri Olefirenko, que se encontraba en el puerto de Odesa.<\/p>\n<p style=\"text-align: justify;\">El portavoz del Ministerio de Defensa de Rusia, \u00cdgor Konash\u00e9nkov, precis\u00f3 que el nav\u00edo fue destruido el 29 de mayo mediante un ataque con armas de alta precisi\u00f3n contra el estacionamiento de buques de guerra en el puerto de la ciudad ucraniana.<img loading=\"lazy\" decoding=\"async\" class=\"size-medium wp-image-299304 alignright\" src=\"http:\/\/sana.sy\/es\/wp-content\/uploads\/2023\/05\/photo_2023-05-31_16-14-20-300x169.jpg\" alt=\"\" width=\"300\" height=\"169\" srcset=\"https:\/\/archive.sana.sy\/es\/wp-content\/uploads\/2023\/05\/photo_2023-05-31_16-14-20-300x169.jpg 300w, https:\/\/archive.sana.sy\/es\/wp-content\/uploads\/2023\/05\/photo_2023-05-31_16-14-20-150x84.jpg 150w, https:\/\/archive.sana.sy\/es\/wp-content\/uploads\/2023\/05\/photo_2023-05-31_16-14-20.jpg 660w\" sizes=\"(max-width: 300px) 100vw, 300px\" \/><\/p>\n<p style=\"text-align: justify;\">Asimismo, defensa inform\u00f3 acerca de la eliminaci\u00f3n de m\u00e1s de 530 militares ucranianos, as\u00ed como sobre la destrucci\u00f3n de equipamiento militar, incluidos veh\u00edculos blindados, drones y sistemas de cohetes m\u00faltiples Grad, entre otro.<\/p>\n<p style=\"text-align: justify;\">Konash\u00e9nkov agreg\u00f3 que durante la jornada anterior las fuerzas rusas obligaron a las tropas ucranianas a ceder sus posiciones en varios sectores de las \u00e1reas de las localidades de Krasnog\u00f3rovka y Yasinovataia, en la rep\u00fablica popular de Donetsk.<\/p>\n<p style=\"text-align: justify;\">fm\/as<\/p>\n","protected":false},"excerpt":{"rendered":"<p>Mosc\u00fa, 31 may (SANA) Las Fuerzas Aeroespaciales de Rusia destruyeron el buque de guerra ucraniano Yuri Olefirenko, que se encontraba en el puerto de Odesa. El portavoz del Ministerio de Defensa de Rusia, \u00cdgor Konash\u00e9nkov, precis\u00f3 que el nav\u00edo fue destruido el 29 de mayo mediante un ataque con armas de alta precisi\u00f3n contra el &hellip;<\/p>\n","protected":false},"author":42,"featured_media":299302,"comment_status":"closed","ping_status":"closed","sticky":false,"template":"","format":"standard","meta":{"footnotes":""},"categories":[597,456,16687,20724,7541],"tags":[],"class_list":["post-299300","post","type-post","status-publish","format-standard","has-post-thumbnail","","category-cinta-de-noticias","category-arabe-internacional-politica","category-internacionales","category-minuto-a-minuto","category-ultimas-noticias"],"_links":{"self":[{"href":"https:\/\/archive.sana.sy\/es\/index.php?rest_route=\/wp\/v2\/posts\/299300"}],"collection":[{"href":"https:\/\/archive.sana.sy\/es\/index.php?rest_route=\/wp\/v2\/posts"}],"about":[{"href":"https:\/\/archive.sana.sy\/es\/index.php?rest_route=\/wp\/v2\/types\/post"}],"author":[{"embeddable":true,"href":"https:\/\/archive.sana.sy\/es\/index.php?rest_route=\/wp\/v2\/users\/42"}],"replies":[{"embeddable":true,"href":"https:\/\/archive.sana.sy\/es\/index.php?rest_route=%2Fwp%2Fv2%2Fcomments&post=299300"}],"version-history":[{"count":1,"href":"https:\/\/archive.sana.sy\/es\/index.php?rest_route=\/wp\/v2\/posts\/299300\/revisions"}],"predecessor-version":[{"id":299305,"href":"https:\/\/archive.sana.sy\/es\/index.php?rest_route=\/wp\/v2\/posts\/299300\/revisions\/299305"}],"wp:featuredmedia":[{"embeddable":true,"href":"https:\/\/archive.sana.sy\/es\/index.php?rest_route=\/wp\/v2\/media\/299302"}],"wp:attachment":[{"href":"https:\/\/archive.sana.sy\/es\/index.php?rest_route=%2Fwp%2Fv2%2Fmedia&parent=299300"}],"wp:term":[{"taxonomy":"category","embeddable":true,"href":"https:\/\/archive.sana.sy\/es\/index.php?rest_route=%2Fwp%2Fv2%2Fcategories&post=299300"},{"taxonomy":"post_tag","embeddable":true,"href":"https:\/\/archive.sana.sy\/es\/index.php?rest_route=%2Fwp%2Fv2%2Ftags&post=299300"}],"curies":[{"name":"wp","href":"https:\/\/api.w.org\/{rel}","templated":true}]}}