{"id":299306,"date":"2023-05-31T17:10:09","date_gmt":"2023-05-31T14:10:09","guid":{"rendered":"http:\/\/sana.sy\/es\/?p=299306"},"modified":"2023-06-07T17:51:23","modified_gmt":"2023-06-07T14:51:23","slug":"siria-y-venezuela-reanudan-vuelos-comerciales-despues-de-12-anos","status":"publish","type":"post","link":"https:\/\/archive.sana.sy\/es\/?p=299306","title":{"rendered":"Siria y Venezuela inauguran l\u00ednea a\u00e9rea directa (+ fotos)"},"content":{"rendered":"<blockquote>\n<p style=\"text-align: justify\"><span style=\"color: #993300\"><em>El avi\u00f3n trae a bordo a 102 pasajeros, entre ellos el ministro de Transporte de Venezuela, Ram\u00f3n Vel\u00e1zquez Araguay\u00e1n, acompa\u00f1ado por el viceministro de Relaciones Exteriores y varios periodistas, funcionarios venezolanos, turistas y empresarios.<\/em><\/span><\/p>\n<\/blockquote>\n<p style=\"text-align: justify\"><span style=\"color: #800000\"><strong>Damasco, 31 may (SANA)\u00a0 <\/strong><\/span>El primer vuelo de la aerol\u00ednea estatal venezolana CONVIASA arrib\u00f3 esta tarde al Aeropuerto Internacional de Damasco, proveniente del Aeropuerto de la capital venezolana, marcando la reanudaci\u00f3n de los vuelos a\u00e9reos entre ambas naciones tras 12 a\u00f1os de interrupci\u00f3n.<\/p>\n<p style=\"text-align: justify\">El avi\u00f3n trae a bordo a 102 pasajeros, entre ellos el ministro de Transporte de Venezuela, Ram\u00f3n Vel\u00e1zquez Araguay\u00e1n, acompa\u00f1ado por el viceministro de Relaciones Exteriores y varios periodistas, funcionarios venezolanos, turistas y empresarios.<\/p>\n<p style=\"text-align: justify\">La aeronave fue recibida por el ministro sirio de Transporte, Zuhair Khuzaym, y funcionarios del sector del transporte, as\u00ed como el jefe del Grupo Parlamentaria de Amistad Siria-Venezuela en el Parlamento sirio Moen Nasr, y el embajador Khalil Bittar, director del Departamento de Am\u00e9ricas en la Canciller\u00eda siria.<\/p>\n<p style=\"text-align: justify\"><img loading=\"lazy\" decoding=\"async\" class=\"size-medium wp-image-299331 alignleft\" src=\"http:\/\/sana.sy\/es\/wp-content\/uploads\/2023\/05\/Siria-y-Venezuela-inauguran-linea-aerea-directa-3-300x200.jpg\" alt=\"\" width=\"300\" height=\"200\" srcset=\"https:\/\/archive.sana.sy\/es\/wp-content\/uploads\/2023\/05\/Siria-y-Venezuela-inauguran-linea-aerea-directa-3-300x200.jpg 300w, https:\/\/archive.sana.sy\/es\/wp-content\/uploads\/2023\/05\/Siria-y-Venezuela-inauguran-linea-aerea-directa-3-150x100.jpg 150w, https:\/\/archive.sana.sy\/es\/wp-content\/uploads\/2023\/05\/Siria-y-Venezuela-inauguran-linea-aerea-directa-3.jpg 660w\" sizes=\"(max-width: 300px) 100vw, 300px\" \/><\/p>\n<p style=\"text-align: justify\"><strong><span style=\"color: #0000ff\">Khuzaym: Siria y Venezuela realizar\u00e1n m\u00e1s acciones para romper el injusto cerco impuesto a las dos naciones<\/span><\/strong><\/p>\n<p style=\"text-align: justify\">El ministro sirio resalt\u00f3, en declaraciones a la prensa, que la reanudaci\u00f3n de los vuelos de las aerol\u00edneas venezolanas al Aeropuerto Internacional de Damasco tras 12 a\u00f1os de suspensi\u00f3n es el comienzo del fortalecimiento de las relaciones econ\u00f3micas y de tender nuevos puentes de comunicaci\u00f3n, adem\u00e1s de activar los acuerdos concluidos en materia de transporte entre los dos pa\u00edses.<\/p>\n<p style=\"text-align: justify\">Se\u00f1al\u00f3, adem\u00e1s, que Siria y Venezuela, juntos a otros amigos, dar\u00e1n seguimiento a la cooperaci\u00f3n y realizaci\u00f3n de acciones para romper el cerco y buscar\u00e1n f\u00f3rmulas de cooperaci\u00f3n conjunta en el campo de la aviaci\u00f3n, adem\u00e1s de intercambiar experiencias para alcanzar soluciones r\u00e1pidas frente a este injusto bloqueo.<\/p>\n<p style=\"text-align: justify\"><img loading=\"lazy\" decoding=\"async\" class=\"size-medium wp-image-299336 alignleft\" src=\"http:\/\/sana.sy\/es\/wp-content\/uploads\/2023\/05\/Siria-y-Venezuela-inauguran-linea-aerea-directa-4-300x196.jpg\" alt=\"\" width=\"300\" height=\"196\" srcset=\"https:\/\/archive.sana.sy\/es\/wp-content\/uploads\/2023\/05\/Siria-y-Venezuela-inauguran-linea-aerea-directa-4-300x196.jpg 300w, https:\/\/archive.sana.sy\/es\/wp-content\/uploads\/2023\/05\/Siria-y-Venezuela-inauguran-linea-aerea-directa-4-150x98.jpg 150w, https:\/\/archive.sana.sy\/es\/wp-content\/uploads\/2023\/05\/Siria-y-Venezuela-inauguran-linea-aerea-directa-4.jpg 660w\" sizes=\"(max-width: 300px) 100vw, 300px\" \/><\/p>\n<p style=\"text-align: justify\"><strong><span style=\"color: #0000ff\">Araguay\u00e1n: este paso refleja el deseo del presidente Maduro de estar siempre m\u00e1s cerca de los hermanos y amigos<\/span><\/strong><\/p>\n<p style=\"text-align: justify\">Por su parte, el Ministro de Transporte de Venezuela indic\u00f3 que esta l\u00ednea a\u00e9rea refleja la voluntad de los liderazgos de los dos pa\u00edses y su deseo de trabajar para restablecer la comunicaci\u00f3n en todos los niveles.<\/p>\n<p style=\"text-align: justify\">\u201cSer\u00e1 un paso para restablecer los v\u00ednculos familiares y sociales entre ambos pa\u00edses\u201d, aclar\u00f3.<\/p>\n<p style=\"text-align: justify\">El titular agreg\u00f3 que este acercamiento refleja el deseo del presidente Nicol\u00e1s Maduro y del pueblo venezolano de estar siempre m\u00e1s cerca de los hermanos, aliados y amigos a trav\u00e9s de la comunicaci\u00f3n a\u00e9rea.<\/p>\n<p style=\"text-align: justify\">Asimismo, revel\u00f3 que una delegaci\u00f3n de turistas, periodistas y personalidades influyentes de la sociedad que vinieron a bordo del avi\u00f3n permanecer\u00e1n durante un tiempo en Damasco para transmitir la realidad de la situaci\u00f3n en Siria.<\/p>\n<p style=\"text-align: justify\"><img loading=\"lazy\" decoding=\"async\" class=\"size-medium wp-image-299338 alignleft\" src=\"http:\/\/sana.sy\/es\/wp-content\/uploads\/2023\/05\/Siria-y-Venezuela-inauguran-linea-aerea-directa-5-1-300x200.jpg\" alt=\"\" width=\"300\" height=\"200\" srcset=\"https:\/\/archive.sana.sy\/es\/wp-content\/uploads\/2023\/05\/Siria-y-Venezuela-inauguran-linea-aerea-directa-5-1-300x200.jpg 300w, https:\/\/archive.sana.sy\/es\/wp-content\/uploads\/2023\/05\/Siria-y-Venezuela-inauguran-linea-aerea-directa-5-1-150x100.jpg 150w, https:\/\/archive.sana.sy\/es\/wp-content\/uploads\/2023\/05\/Siria-y-Venezuela-inauguran-linea-aerea-directa-5-1.jpg 660w\" sizes=\"(max-width: 300px) 100vw, 300px\" \/><\/p>\n<p style=\"text-align: justify\"><strong><span style=\"color: #0000ff\">Biomorgi: esto es s\u00f3lo un primer paso y habr\u00e1 otros pr\u00f3ximos que consolidar\u00e1n a\u00fan m\u00e1s las relaciones<\/span><\/strong><\/p>\n<p style=\"text-align: justify\">A su vez, el embajador de Venezuela en Damasco, Jos\u00e9 Biomorgi Musatis, indic\u00f3 que se ha hecho gran esfuerzo para retomar estos viajes, que reflejan las aspiraciones de los dos pa\u00edses y su voluntad de superar las sanciones y el bloqueo impuestos por el enemigo com\u00fan.<\/p>\n<p style=\"text-align: justify\">Seg\u00fan el diplom\u00e1tico, esto es s\u00f3lo un primer paso y habr\u00e1 otros pr\u00f3ximos para consolidar las relaciones entre los dos pa\u00edses.<\/p>\n<p style=\"text-align: justify\"><img loading=\"lazy\" decoding=\"async\" class=\"size-medium wp-image-299339 alignleft\" src=\"http:\/\/sana.sy\/es\/wp-content\/uploads\/2023\/05\/Siria-y-Venezuela-inauguran-linea-aerea-directa-6-300x200.jpg\" alt=\"\" width=\"300\" height=\"200\" srcset=\"https:\/\/archive.sana.sy\/es\/wp-content\/uploads\/2023\/05\/Siria-y-Venezuela-inauguran-linea-aerea-directa-6-300x200.jpg 300w, https:\/\/archive.sana.sy\/es\/wp-content\/uploads\/2023\/05\/Siria-y-Venezuela-inauguran-linea-aerea-directa-6-150x100.jpg 150w, https:\/\/archive.sana.sy\/es\/wp-content\/uploads\/2023\/05\/Siria-y-Venezuela-inauguran-linea-aerea-directa-6.jpg 660w\" sizes=\"(max-width: 300px) 100vw, 300px\" \/><\/p>\n<p style=\"text-align: justify\"><span style=\"color: #0000ff\"><strong>Bittar: es una oportunidad para el impulsar el comercio y el intercambio cultural<\/strong><\/span><\/p>\n<p style=\"text-align: justify\">Mientras el embajador Bittar destac\u00f3 que los lazos pol\u00edticos entre Venezuela y Siria se han vuelto m\u00e1s profundos desde la visita del l\u00edder Hugo Ch\u00e1vez a Siria en 2006 y la visita del presidente Bashar al-Assad a Caracas en 2010.\u201cEstas relaciones se han desarrollado notablemente, particularmente en lo pol\u00edtico, y esperamos que estos nexos se elevan tambi\u00e9n en lo econ\u00f3mico, manifest\u00f3 el directivo de la Canciller\u00eda siria.<\/p>\n<p style=\"text-align: justify\">Revel\u00f3 que \u201cla comunidad siria en Venezuela se estima en casi un mill\u00f3n de sirios y descendentes de sirios, y la reanudaci\u00f3n de estos vuelos permitir\u00e1 a muchos de ellos visitar a su patria, adem\u00e1s de ser una oportunidad en el campo del comercio y el intercambio cultural\u201d.<\/p>\n<p style=\"text-align: justify\"><img loading=\"lazy\" decoding=\"async\" class=\"size-medium wp-image-299341 alignleft\" src=\"http:\/\/sana.sy\/es\/wp-content\/uploads\/2023\/05\/Siria-y-Venezuela-inauguran-linea-aerea-directa00-300x200.jpeg\" alt=\"\" width=\"300\" height=\"200\" srcset=\"https:\/\/archive.sana.sy\/es\/wp-content\/uploads\/2023\/05\/Siria-y-Venezuela-inauguran-linea-aerea-directa00-300x200.jpeg 300w, https:\/\/archive.sana.sy\/es\/wp-content\/uploads\/2023\/05\/Siria-y-Venezuela-inauguran-linea-aerea-directa00-150x100.jpeg 150w, https:\/\/archive.sana.sy\/es\/wp-content\/uploads\/2023\/05\/Siria-y-Venezuela-inauguran-linea-aerea-directa00.jpeg 660w\" sizes=\"(max-width: 300px) 100vw, 300px\" \/><\/p>\n<p style=\"text-align: justify\">Mientras el diputado Moein Nasr dijo que este vuelo constituye un primer paso para elevar las relaciones econ\u00f3micas al nivel de los nexos pol\u00edticos, y esta l\u00ednea directa estar\u00e1 a disposici\u00f3n de los expatriados sirios.<\/p>\n<p style=\"text-align: justify\">El sector del transporte a\u00e9reo en Siria se recupera en forma paulatina tras el regreso de los aviones de varias empresas a usar el espacio a\u00e9reo, mientras una aerol\u00ednea europea anunci\u00f3 recientemente el inicio de vuelos directos entre Siria y Grecia, y se esperan pronto viajes directos de aeronaves entre Damasco y varias ciudades de Arabia Saudita.<\/p>\n<div id='gallery-1' class='gallery galleryid-299306 gallery-columns-1 gallery-size-full'><figure class='gallery-item'>\n\t\t\t<div class='gallery-icon landscape'>\n\t\t\t\t<a href='https:\/\/archive.sana.sy\/es\/wp-content\/uploads\/2023\/05\/v2-3.jpg'><img loading=\"lazy\" decoding=\"async\" width=\"2048\" height=\"1293\" src=\"https:\/\/archive.sana.sy\/es\/wp-content\/uploads\/2023\/05\/v2-3.jpg\" class=\"attachment-full size-full\" alt=\"\" srcset=\"https:\/\/archive.sana.sy\/es\/wp-content\/uploads\/2023\/05\/v2-3.jpg 2048w, https:\/\/archive.sana.sy\/es\/wp-content\/uploads\/2023\/05\/v2-3-300x189.jpg 300w, https:\/\/archive.sana.sy\/es\/wp-content\/uploads\/2023\/05\/v2-3-1024x647.jpg 1024w, https:\/\/archive.sana.sy\/es\/wp-content\/uploads\/2023\/05\/v2-3-150x95.jpg 150w, https:\/\/archive.sana.sy\/es\/wp-content\/uploads\/2023\/05\/v2-3-768x485.jpg 768w, https:\/\/archive.sana.sy\/es\/wp-content\/uploads\/2023\/05\/v2-3-1536x970.jpg 1536w\" sizes=\"(max-width: 2048px) 100vw, 2048px\" \/><\/a>\n\t\t\t<\/div><\/figure><figure class='gallery-item'>\n\t\t\t<div class='gallery-icon landscape'>\n\t\t\t\t<a href='https:\/\/archive.sana.sy\/es\/wp-content\/uploads\/2023\/05\/v3-3.jpg'><img loading=\"lazy\" decoding=\"async\" width=\"2048\" height=\"1316\" src=\"https:\/\/archive.sana.sy\/es\/wp-content\/uploads\/2023\/05\/v3-3.jpg\" class=\"attachment-full size-full\" alt=\"\" srcset=\"https:\/\/archive.sana.sy\/es\/wp-content\/uploads\/2023\/05\/v3-3.jpg 2048w, https:\/\/archive.sana.sy\/es\/wp-content\/uploads\/2023\/05\/v3-3-300x193.jpg 300w, https:\/\/archive.sana.sy\/es\/wp-content\/uploads\/2023\/05\/v3-3-1024x658.jpg 1024w, https:\/\/archive.sana.sy\/es\/wp-content\/uploads\/2023\/05\/v3-3-150x96.jpg 150w, https:\/\/archive.sana.sy\/es\/wp-content\/uploads\/2023\/05\/v3-3-768x494.jpg 768w, https:\/\/archive.sana.sy\/es\/wp-content\/uploads\/2023\/05\/v3-3-1536x987.jpg 1536w\" sizes=\"(max-width: 2048px) 100vw, 2048px\" \/><\/a>\n\t\t\t<\/div><\/figure><figure class='gallery-item'>\n\t\t\t<div class='gallery-icon landscape'>\n\t\t\t\t<a href='https:\/\/archive.sana.sy\/es\/wp-content\/uploads\/2023\/05\/Siria-y-Venezuela-inauguran-linea-aerea-directa000.jpeg'><img loading=\"lazy\" decoding=\"async\" width=\"660\" height=\"440\" src=\"https:\/\/archive.sana.sy\/es\/wp-content\/uploads\/2023\/05\/Siria-y-Venezuela-inauguran-linea-aerea-directa000.jpeg\" class=\"attachment-full size-full\" alt=\"\" srcset=\"https:\/\/archive.sana.sy\/es\/wp-content\/uploads\/2023\/05\/Siria-y-Venezuela-inauguran-linea-aerea-directa000.jpeg 660w, https:\/\/archive.sana.sy\/es\/wp-content\/uploads\/2023\/05\/Siria-y-Venezuela-inauguran-linea-aerea-directa000-300x200.jpeg 300w, https:\/\/archive.sana.sy\/es\/wp-content\/uploads\/2023\/05\/Siria-y-Venezuela-inauguran-linea-aerea-directa000-150x100.jpeg 150w\" sizes=\"(max-width: 660px) 100vw, 660px\" \/><\/a>\n\t\t\t<\/div><\/figure><figure class='gallery-item'>\n\t\t\t<div class='gallery-icon landscape'>\n\t\t\t\t<a href='https:\/\/archive.sana.sy\/es\/wp-content\/uploads\/2023\/05\/v8.jpg'><img loading=\"lazy\" decoding=\"async\" width=\"2048\" height=\"1321\" src=\"https:\/\/archive.sana.sy\/es\/wp-content\/uploads\/2023\/05\/v8.jpg\" class=\"attachment-full size-full\" alt=\"\" srcset=\"https:\/\/archive.sana.sy\/es\/wp-content\/uploads\/2023\/05\/v8.jpg 2048w, https:\/\/archive.sana.sy\/es\/wp-content\/uploads\/2023\/05\/v8-300x194.jpg 300w, https:\/\/archive.sana.sy\/es\/wp-content\/uploads\/2023\/05\/v8-1024x661.jpg 1024w, https:\/\/archive.sana.sy\/es\/wp-content\/uploads\/2023\/05\/v8-150x97.jpg 150w, https:\/\/archive.sana.sy\/es\/wp-content\/uploads\/2023\/05\/v8-768x495.jpg 768w, https:\/\/archive.sana.sy\/es\/wp-content\/uploads\/2023\/05\/v8-1536x991.jpg 1536w\" sizes=\"(max-width: 2048px) 100vw, 2048px\" \/><\/a>\n\t\t\t<\/div><\/figure><figure class='gallery-item'>\n\t\t\t<div class='gallery-icon landscape'>\n\t\t\t\t<a href='https:\/\/archive.sana.sy\/es\/wp-content\/uploads\/2023\/05\/v4-3.jpg'><img loading=\"lazy\" decoding=\"async\" width=\"2048\" height=\"1365\" src=\"https:\/\/archive.sana.sy\/es\/wp-content\/uploads\/2023\/05\/v4-3.jpg\" class=\"attachment-full size-full\" alt=\"\" srcset=\"https:\/\/archive.sana.sy\/es\/wp-content\/uploads\/2023\/05\/v4-3.jpg 2048w, https:\/\/archive.sana.sy\/es\/wp-content\/uploads\/2023\/05\/v4-3-300x200.jpg 300w, https:\/\/archive.sana.sy\/es\/wp-content\/uploads\/2023\/05\/v4-3-1024x683.jpg 1024w, https:\/\/archive.sana.sy\/es\/wp-content\/uploads\/2023\/05\/v4-3-150x100.jpg 150w, https:\/\/archive.sana.sy\/es\/wp-content\/uploads\/2023\/05\/v4-3-768x512.jpg 768w, https:\/\/archive.sana.sy\/es\/wp-content\/uploads\/2023\/05\/v4-3-1536x1024.jpg 1536w\" sizes=\"(max-width: 2048px) 100vw, 2048px\" \/><\/a>\n\t\t\t<\/div><\/figure><figure class='gallery-item'>\n\t\t\t<div class='gallery-icon landscape'>\n\t\t\t\t<a href='https:\/\/archive.sana.sy\/es\/wp-content\/uploads\/2023\/05\/v5.jpg'><img loading=\"lazy\" decoding=\"async\" width=\"2048\" height=\"1261\" src=\"https:\/\/archive.sana.sy\/es\/wp-content\/uploads\/2023\/05\/v5.jpg\" class=\"attachment-full size-full\" alt=\"\" srcset=\"https:\/\/archive.sana.sy\/es\/wp-content\/uploads\/2023\/05\/v5.jpg 2048w, https:\/\/archive.sana.sy\/es\/wp-content\/uploads\/2023\/05\/v5-300x185.jpg 300w, https:\/\/archive.sana.sy\/es\/wp-content\/uploads\/2023\/05\/v5-1024x631.jpg 1024w, https:\/\/archive.sana.sy\/es\/wp-content\/uploads\/2023\/05\/v5-150x92.jpg 150w, https:\/\/archive.sana.sy\/es\/wp-content\/uploads\/2023\/05\/v5-768x473.jpg 768w, https:\/\/archive.sana.sy\/es\/wp-content\/uploads\/2023\/05\/v5-1536x946.jpg 1536w\" sizes=\"(max-width: 2048px) 100vw, 2048px\" \/><\/a>\n\t\t\t<\/div><\/figure><figure class='gallery-item'>\n\t\t\t<div class='gallery-icon landscape'>\n\t\t\t\t<a href='https:\/\/archive.sana.sy\/es\/wp-content\/uploads\/2023\/05\/v1-3.jpg'><img loading=\"lazy\" decoding=\"async\" width=\"2048\" height=\"1353\" src=\"https:\/\/archive.sana.sy\/es\/wp-content\/uploads\/2023\/05\/v1-3.jpg\" class=\"attachment-full size-full\" alt=\"\" srcset=\"https:\/\/archive.sana.sy\/es\/wp-content\/uploads\/2023\/05\/v1-3.jpg 2048w, https:\/\/archive.sana.sy\/es\/wp-content\/uploads\/2023\/05\/v1-3-300x198.jpg 300w, https:\/\/archive.sana.sy\/es\/wp-content\/uploads\/2023\/05\/v1-3-1024x677.jpg 1024w, https:\/\/archive.sana.sy\/es\/wp-content\/uploads\/2023\/05\/v1-3-150x99.jpg 150w, https:\/\/archive.sana.sy\/es\/wp-content\/uploads\/2023\/05\/v1-3-768x507.jpg 768w, https:\/\/archive.sana.sy\/es\/wp-content\/uploads\/2023\/05\/v1-3-1536x1015.jpg 1536w, https:\/\/archive.sana.sy\/es\/wp-content\/uploads\/2023\/05\/v1-3-310x205.jpg 310w\" sizes=\"(max-width: 2048px) 100vw, 2048px\" \/><\/a>\n\t\t\t<\/div><\/figure><figure class='gallery-item'>\n\t\t\t<div class='gallery-icon landscape'>\n\t\t\t\t<a href='https:\/\/archive.sana.sy\/es\/wp-content\/uploads\/2023\/05\/v6.jpg'><img loading=\"lazy\" decoding=\"async\" width=\"2048\" height=\"1365\" src=\"https:\/\/archive.sana.sy\/es\/wp-content\/uploads\/2023\/05\/v6.jpg\" class=\"attachment-full size-full\" alt=\"\" srcset=\"https:\/\/archive.sana.sy\/es\/wp-content\/uploads\/2023\/05\/v6.jpg 2048w, https:\/\/archive.sana.sy\/es\/wp-content\/uploads\/2023\/05\/v6-300x200.jpg 300w, https:\/\/archive.sana.sy\/es\/wp-content\/uploads\/2023\/05\/v6-1024x683.jpg 1024w, https:\/\/archive.sana.sy\/es\/wp-content\/uploads\/2023\/05\/v6-150x100.jpg 150w, https:\/\/archive.sana.sy\/es\/wp-content\/uploads\/2023\/05\/v6-768x512.jpg 768w, https:\/\/archive.sana.sy\/es\/wp-content\/uploads\/2023\/05\/v6-1536x1024.jpg 1536w\" sizes=\"(max-width: 2048px) 100vw, 2048px\" \/><\/a>\n\t\t\t<\/div><\/figure>\n\t\t<\/div>\n\n<p>sm\/mm\/fm<\/p>\n","protected":false},"excerpt":{"rendered":"<p>El avi\u00f3n trae a bordo a 102 pasajeros, entre ellos el ministro de Transporte de Venezuela, Ram\u00f3n Vel\u00e1zquez Araguay\u00e1n, acompa\u00f1ado por el viceministro de Relaciones Exteriores y varios periodistas, funcionarios venezolanos, turistas y empresarios. Damasco, 31 may (SANA)\u00a0 El primer vuelo de la aerol\u00ednea estatal venezolana CONVIASA arrib\u00f3 esta tarde al Aeropuerto Internacional de Damasco, &hellip;<\/p>\n","protected":false},"author":42,"featured_media":299335,"comment_status":"closed","ping_status":"closed","sticky":false,"template":"","format":"standard","meta":{"footnotes":""},"categories":[477,597,467,583],"tags":[],"class_list":["post-299306","post","type-post","status-publish","format-standard","has-post-thumbnail","","category-noticias-edulcorantes","category-cinta-de-noticias","category-siria-y-el-mundo","category-slide"],"_links":{"self":[{"href":"https:\/\/archive.sana.sy\/es\/index.php?rest_route=\/wp\/v2\/posts\/299306"}],"collection":[{"href":"https:\/\/archive.sana.sy\/es\/index.php?rest_route=\/wp\/v2\/posts"}],"about":[{"href":"https:\/\/archive.sana.sy\/es\/index.php?rest_route=\/wp\/v2\/types\/post"}],"author":[{"embeddable":true,"href":"https:\/\/archive.sana.sy\/es\/index.php?rest_route=\/wp\/v2\/users\/42"}],"replies":[{"embeddable":true,"href":"https:\/\/archive.sana.sy\/es\/index.php?rest_route=%2Fwp%2Fv2%2Fcomments&post=299306"}],"version-history":[{"count":12,"href":"https:\/\/archive.sana.sy\/es\/index.php?rest_route=\/wp\/v2\/posts\/299306\/revisions"}],"predecessor-version":[{"id":300016,"href":"https:\/\/archive.sana.sy\/es\/index.php?rest_route=\/wp\/v2\/posts\/299306\/revisions\/300016"}],"wp:featuredmedia":[{"embeddable":true,"href":"https:\/\/archive.sana.sy\/es\/index.php?rest_route=\/wp\/v2\/media\/299335"}],"wp:attachment":[{"href":"https:\/\/archive.sana.sy\/es\/index.php?rest_route=%2Fwp%2Fv2%2Fmedia&parent=299306"}],"wp:term":[{"taxonomy":"category","embeddable":true,"href":"https:\/\/archive.sana.sy\/es\/index.php?rest_route=%2Fwp%2Fv2%2Fcategories&post=299306"},{"taxonomy":"post_tag","embeddable":true,"href":"https:\/\/archive.sana.sy\/es\/index.php?rest_route=%2Fwp%2Fv2%2Ftags&post=299306"}],"curies":[{"name":"wp","href":"https:\/\/api.w.org\/{rel}","templated":true}]}}