{"id":299325,"date":"2023-05-31T19:29:03","date_gmt":"2023-05-31T16:29:03","guid":{"rendered":"http:\/\/sana.sy\/es\/?p=299325"},"modified":"2023-05-31T19:43:09","modified_gmt":"2023-05-31T16:43:09","slug":"siria-y-la-fao-fortalecen-cooperacion-conjunta","status":"publish","type":"post","link":"https:\/\/archive.sana.sy\/es\/?p=299325","title":{"rendered":"Siria y la FAO fortalecen cooperaci\u00f3n conjunta"},"content":{"rendered":"<p style=\"text-align: justify;\"><span style=\"color: #800000;\"><strong>Damasco, 31 may (SANA)<\/strong> <\/span>El ministro de Recursos H\u00eddricos, Tammam Raad, abord\u00f3 el mi\u00e9rcoles con el representante residente de la Organizaci\u00f3n de las Naciones Unidas para la Agricultura y la Alimentaci\u00f3n (FAO), Mike Robson, fortalecer la cooperaci\u00f3n conjunta.<\/p>\n<p style=\"text-align: justify;\">El ministro sirio enfatiz\u00f3 la necesidad de ampliar los horizontes de cooperaci\u00f3n entre mabas partes, y se refiri\u00f3 a la continuaci\u00f3n de la cooperaci\u00f3n con todas las organizaciones internacionales en todos los campos.<\/p>\n<p style=\"text-align: justify;\">Por su parte, Robson explic\u00f3 el alto nivel de cooperaci\u00f3n y coordinaci\u00f3n brindado por el Ministerio de Recursos H\u00eddricos de Siria, que facilit\u00f3 la implementaci\u00f3n de muchos proyectos y anim\u00f3 a la organizaci\u00f3n a seguir trabajando y abrir nuevos horizontes de cooperaci\u00f3n.<\/p>\n<p style=\"text-align: justify;\">La organizaci\u00f3n est\u00e1 trabajando para expandir la base de cooperaci\u00f3n con socios y donantes, a pesar de los obst\u00e1culos impuestos por las medidas unilaterales impuestas al pueblo sirio\u201d, declar\u00f3.<\/p>\n<p>mm<\/p>\n","protected":false},"excerpt":{"rendered":"<p>Damasco, 31 may (SANA) El ministro de Recursos H\u00eddricos, Tammam Raad, abord\u00f3 el mi\u00e9rcoles con el representante residente de la Organizaci\u00f3n de las Naciones Unidas para la Agricultura y la Alimentaci\u00f3n (FAO), Mike Robson, fortalecer la cooperaci\u00f3n conjunta. El ministro sirio enfatiz\u00f3 la necesidad de ampliar los horizontes de cooperaci\u00f3n entre mabas partes, y se &hellip;<\/p>\n","protected":false},"author":36,"featured_media":299327,"comment_status":"closed","ping_status":"closed","sticky":false,"template":"","format":"standard","meta":{"footnotes":""},"categories":[597,20724,467,7541],"tags":[22120],"class_list":["post-299325","post","type-post","status-publish","format-standard","has-post-thumbnail","","category-cinta-de-noticias","category-minuto-a-minuto","category-siria-y-el-mundo","category-ultimas-noticias","tag-siria-y-la-fao"],"_links":{"self":[{"href":"https:\/\/archive.sana.sy\/es\/index.php?rest_route=\/wp\/v2\/posts\/299325"}],"collection":[{"href":"https:\/\/archive.sana.sy\/es\/index.php?rest_route=\/wp\/v2\/posts"}],"about":[{"href":"https:\/\/archive.sana.sy\/es\/index.php?rest_route=\/wp\/v2\/types\/post"}],"author":[{"embeddable":true,"href":"https:\/\/archive.sana.sy\/es\/index.php?rest_route=\/wp\/v2\/users\/36"}],"replies":[{"embeddable":true,"href":"https:\/\/archive.sana.sy\/es\/index.php?rest_route=%2Fwp%2Fv2%2Fcomments&post=299325"}],"version-history":[{"count":1,"href":"https:\/\/archive.sana.sy\/es\/index.php?rest_route=\/wp\/v2\/posts\/299325\/revisions"}],"predecessor-version":[{"id":299328,"href":"https:\/\/archive.sana.sy\/es\/index.php?rest_route=\/wp\/v2\/posts\/299325\/revisions\/299328"}],"wp:featuredmedia":[{"embeddable":true,"href":"https:\/\/archive.sana.sy\/es\/index.php?rest_route=\/wp\/v2\/media\/299327"}],"wp:attachment":[{"href":"https:\/\/archive.sana.sy\/es\/index.php?rest_route=%2Fwp%2Fv2%2Fmedia&parent=299325"}],"wp:term":[{"taxonomy":"category","embeddable":true,"href":"https:\/\/archive.sana.sy\/es\/index.php?rest_route=%2Fwp%2Fv2%2Fcategories&post=299325"},{"taxonomy":"post_tag","embeddable":true,"href":"https:\/\/archive.sana.sy\/es\/index.php?rest_route=%2Fwp%2Fv2%2Ftags&post=299325"}],"curies":[{"name":"wp","href":"https:\/\/api.w.org\/{rel}","templated":true}]}}