{"id":299361,"date":"2023-06-01T11:26:28","date_gmt":"2023-06-01T08:26:28","guid":{"rendered":"http:\/\/sana.sy\/es\/?p=299361"},"modified":"2023-06-01T11:27:48","modified_gmt":"2023-06-01T08:27:48","slug":"apoyo-militar-constante-de-washington-a-kiev-confirma-su-indiferencia-ante-los-crimenes-de-los-neonazis-ucranianos-afirma-moscu","status":"publish","type":"post","link":"https:\/\/archive.sana.sy\/es\/?p=299361","title":{"rendered":"Apoyo militar constante de Washington a Kiev confirma su indiferencia ante los cr\u00edmenes de los neonazis ucranianos , afirma Mosc\u00fa"},"content":{"rendered":"<p style=\"text-align: justify;\"><strong><span style=\"color: #800000;\">Washington, 1 Jun (SANA)<\/span><\/strong>\u00a0 El embajador ruso en Estados Unidos, Anatoli Ant\u00f3nov, subray\u00f3 que el env\u00edo de un nuevo paquete de ayuda militar para Ucrania por parte de Estados Unidos despu\u00e9s de los ataques ucraniano con drones contra\u00a0 instalaciones civiles en Mosc\u00fa muestra la despreocupaci\u00f3n de Washington por los cr\u00edmenes de los partidarios neonazis en Ucrania.<\/p>\n<p style=\"text-align: justify;\">En lugar de responsabilizar al r\u00e9gimen de Zelenski por estas agresiones, Washington muestra indiferencia ante los cr\u00edmenes de las fuerzas de Kiev y les proporciona nuevos materiales y equipos militares, dijo Ant\u00f3nov\u00a0 citado por la Agencia RIA Novosti.<\/p>\n<p style=\"text-align: justify;\">Indic\u00f3 que el anuncio del gobierno estadounidense del nuevo paquete de ayuda a Kiev\u00a0 por valor de 300 millones de d\u00f3lares se considera\u00a0 un fuerte apoyo a este r\u00e9gimen corrupto.<\/p>\n<p style=\"text-align: justify;\"><strong>ws\/fm<\/strong><\/p>\n","protected":false},"excerpt":{"rendered":"<p>Washington, 1 Jun (SANA)\u00a0 El embajador ruso en Estados Unidos, Anatoli Ant\u00f3nov, subray\u00f3 que el env\u00edo de un nuevo paquete de ayuda militar para Ucrania por parte de Estados Unidos despu\u00e9s de los ataques ucraniano con drones contra\u00a0 instalaciones civiles en Mosc\u00fa muestra la despreocupaci\u00f3n de Washington por los cr\u00edmenes de los partidarios neonazis en &hellip;<\/p>\n","protected":false},"author":35,"featured_media":299362,"comment_status":"closed","ping_status":"closed","sticky":false,"template":"","format":"standard","meta":{"footnotes":""},"categories":[597,456,16687,20724,7541],"tags":[],"class_list":["post-299361","post","type-post","status-publish","format-standard","has-post-thumbnail","","category-cinta-de-noticias","category-arabe-internacional-politica","category-internacionales","category-minuto-a-minuto","category-ultimas-noticias"],"_links":{"self":[{"href":"https:\/\/archive.sana.sy\/es\/index.php?rest_route=\/wp\/v2\/posts\/299361"}],"collection":[{"href":"https:\/\/archive.sana.sy\/es\/index.php?rest_route=\/wp\/v2\/posts"}],"about":[{"href":"https:\/\/archive.sana.sy\/es\/index.php?rest_route=\/wp\/v2\/types\/post"}],"author":[{"embeddable":true,"href":"https:\/\/archive.sana.sy\/es\/index.php?rest_route=\/wp\/v2\/users\/35"}],"replies":[{"embeddable":true,"href":"https:\/\/archive.sana.sy\/es\/index.php?rest_route=%2Fwp%2Fv2%2Fcomments&post=299361"}],"version-history":[{"count":3,"href":"https:\/\/archive.sana.sy\/es\/index.php?rest_route=\/wp\/v2\/posts\/299361\/revisions"}],"predecessor-version":[{"id":299365,"href":"https:\/\/archive.sana.sy\/es\/index.php?rest_route=\/wp\/v2\/posts\/299361\/revisions\/299365"}],"wp:featuredmedia":[{"embeddable":true,"href":"https:\/\/archive.sana.sy\/es\/index.php?rest_route=\/wp\/v2\/media\/299362"}],"wp:attachment":[{"href":"https:\/\/archive.sana.sy\/es\/index.php?rest_route=%2Fwp%2Fv2%2Fmedia&parent=299361"}],"wp:term":[{"taxonomy":"category","embeddable":true,"href":"https:\/\/archive.sana.sy\/es\/index.php?rest_route=%2Fwp%2Fv2%2Fcategories&post=299361"},{"taxonomy":"post_tag","embeddable":true,"href":"https:\/\/archive.sana.sy\/es\/index.php?rest_route=%2Fwp%2Fv2%2Ftags&post=299361"}],"curies":[{"name":"wp","href":"https:\/\/api.w.org\/{rel}","templated":true}]}}