{"id":299366,"date":"2023-06-01T12:59:19","date_gmt":"2023-06-01T09:59:19","guid":{"rendered":"http:\/\/sana.sy\/es\/?p=299366"},"modified":"2023-06-01T16:40:03","modified_gmt":"2023-06-01T13:40:03","slug":"siria-y-venezuela-analizan-vias-para-consolidar-cooperacion-bilateral","status":"publish","type":"post","link":"https:\/\/archive.sana.sy\/es\/?p=299366","title":{"rendered":"Siria y Venezuela analizan\u00a0v\u00edas para consolidar cooperaci\u00f3n bilateral"},"content":{"rendered":"<p style=\"text-align: justify;\"><span style=\"color: #800000;\"><strong>Damasco, 1 Jun (SANA)\u00a0<\/strong> <\/span>\u00a0El viceministro de Relaciones Exteriores y Expatriados,\u00a0 Ayman Soussan, recibi\u00f3 este jueves a la viceministra de Relaciones Exteriores para Asuntos de Medio Oriente de Venezuela, Tatiana Moreno, y\u00a0 la delegaci\u00f3n acompa\u00f1ante, en la capital Damasco.<\/p>\n<p style=\"text-align: justify;\">Los dos partes examinaron las v\u00edas de mejorar a\u00fan m\u00e1s\u00a0la cooperaci\u00f3n estrecha que caracteriza las relaciones entre dos pa\u00edses amigos.<\/p>\n<p style=\"text-align: justify;\">\u00a0La reanudaci\u00f3n de los vuelos regulares entre Caracas y Damasco despu\u00e9s de 12 a\u00f1os de suspensi\u00f3n contribuye a fortalecer la comunicaci\u00f3n entre ambos pa\u00edses, especialmente a nivel econ\u00f3mico y comercial, para enfrentar las sanciones impuestas por Occidente contra ambas naciones, dijo Soussan.<\/p>\n<p style=\"text-align: justify;\">Por su parte, Moreno expres\u00f3 su gran aprecio por las actitudes de apoyo por el Estado Sirio con respecto a los intentos estadounidenses de desestabilizar a Venezuela y el mundo, y enfatiz\u00f3 que su pa\u00eds seguir\u00e1 apoyando a Siria y fortaleciendo las relaciones.<\/p>\n<p style=\"text-align: justify;\">ed\/fm<\/p>\n","protected":false},"excerpt":{"rendered":"<p>Damasco, 1 Jun (SANA)\u00a0 \u00a0El viceministro de Relaciones Exteriores y Expatriados,\u00a0 Ayman Soussan, recibi\u00f3 este jueves a la viceministra de Relaciones Exteriores para Asuntos de Medio Oriente de Venezuela, Tatiana Moreno, y\u00a0 la delegaci\u00f3n acompa\u00f1ante, en la capital Damasco. Los dos partes examinaron las v\u00edas de mejorar a\u00fan m\u00e1s\u00a0la cooperaci\u00f3n estrecha que caracteriza las relaciones &hellip;<\/p>\n","protected":false},"author":32,"featured_media":299367,"comment_status":"closed","ping_status":"closed","sticky":false,"template":"","format":"standard","meta":{"footnotes":""},"categories":[477,597,467,583],"tags":[],"class_list":["post-299366","post","type-post","status-publish","format-standard","has-post-thumbnail","","category-noticias-edulcorantes","category-cinta-de-noticias","category-siria-y-el-mundo","category-slide"],"_links":{"self":[{"href":"https:\/\/archive.sana.sy\/es\/index.php?rest_route=\/wp\/v2\/posts\/299366"}],"collection":[{"href":"https:\/\/archive.sana.sy\/es\/index.php?rest_route=\/wp\/v2\/posts"}],"about":[{"href":"https:\/\/archive.sana.sy\/es\/index.php?rest_route=\/wp\/v2\/types\/post"}],"author":[{"embeddable":true,"href":"https:\/\/archive.sana.sy\/es\/index.php?rest_route=\/wp\/v2\/users\/32"}],"replies":[{"embeddable":true,"href":"https:\/\/archive.sana.sy\/es\/index.php?rest_route=%2Fwp%2Fv2%2Fcomments&post=299366"}],"version-history":[{"count":1,"href":"https:\/\/archive.sana.sy\/es\/index.php?rest_route=\/wp\/v2\/posts\/299366\/revisions"}],"predecessor-version":[{"id":299368,"href":"https:\/\/archive.sana.sy\/es\/index.php?rest_route=\/wp\/v2\/posts\/299366\/revisions\/299368"}],"wp:featuredmedia":[{"embeddable":true,"href":"https:\/\/archive.sana.sy\/es\/index.php?rest_route=\/wp\/v2\/media\/299367"}],"wp:attachment":[{"href":"https:\/\/archive.sana.sy\/es\/index.php?rest_route=%2Fwp%2Fv2%2Fmedia&parent=299366"}],"wp:term":[{"taxonomy":"category","embeddable":true,"href":"https:\/\/archive.sana.sy\/es\/index.php?rest_route=%2Fwp%2Fv2%2Fcategories&post=299366"},{"taxonomy":"post_tag","embeddable":true,"href":"https:\/\/archive.sana.sy\/es\/index.php?rest_route=%2Fwp%2Fv2%2Ftags&post=299366"}],"curies":[{"name":"wp","href":"https:\/\/api.w.org\/{rel}","templated":true}]}}