{"id":299430,"date":"2023-06-01T19:36:52","date_gmt":"2023-06-01T16:36:52","guid":{"rendered":"http:\/\/sana.sy\/es\/?p=299430"},"modified":"2023-06-01T22:13:32","modified_gmt":"2023-06-01T19:13:32","slug":"siria-y-venezuela-por-una-mayor-cooperacion-turistica","status":"publish","type":"post","link":"https:\/\/archive.sana.sy\/es\/?p=299430","title":{"rendered":"Siria y Venezuela por una mayor cooperaci\u00f3n tur\u00edstica"},"content":{"rendered":"<p style=\"text-align: justify;\"><span style=\"color: #800000;\"><strong>Damasco, 01 jun (SANA)<\/strong><\/span> El ministro de Turismo, Mohamed Martini, abord\u00f3 hoy con la viceministra de Relaciones Exteriores de Venezuela para Asuntos de Asia y Medio Oriente, Tatiana Moreno, y varios empresarios de transporte, agencias de turismo y viajes, las v\u00edas de afianzar el intercambio tur\u00edstico entre Siria y Venezuela.<\/p>\n<p style=\"text-align: justify;\">La reuni\u00f3n tuvo lugar durante un taller de trabajo celebrado hoy en Damasco.<\/p>\n<p style=\"text-align: justify;\">Martini destac\u00f3 durante el taller la importancia de restablecer el intercambio de delegaciones tur\u00edsticas entre los dos pa\u00edses amigos, as\u00ed como continuar fortaleciendo el intercambio comercial, cultural e inversiones conjuntas, y desarrollar relaciones populares.<\/p>\n<p style=\"text-align: justify;\">Adem\u00e1s, se\u00f1al\u00f3 que los pr\u00f3ximos d\u00edas presenciar\u00e1n un mayor trabajo y coordinaci\u00f3n entre las empresas tur\u00edsticas, instituciones, hoteles y compa\u00f1\u00edas en ambos pa\u00edses para desarrollar las relaciones en este campo.<\/p>\n<p style=\"text-align: justify;\">Por su parte, la Viceministra venezolana de Exteriores subray\u00f3 que las relaciones pol\u00edticas entre ambos pa\u00edses alcanzaron niveles muy altos, y afirm\u00f3 que Venezuela trabajar\u00e1 en fortalecer la cooperaci\u00f3n en todas las \u00e1reas tur\u00edsticas, cient\u00edficas y culturales.<\/p>\n<p style=\"text-align: justify;\">Asimismo, elogi\u00f3 los grandes esfuerzos realizados para reanudar el servicio a\u00e9reo entre Caracas y Damasco, lo cual representa el establecimiento de una nueva fase de cooperaci\u00f3n y la transmisi\u00f3n de la verdadera y civilizada imagen de Siria a Venezuela.<\/p>\n<p style=\"text-align: justify;\"><em>ah\/fm<\/em><\/p>\n","protected":false},"excerpt":{"rendered":"<p>Damasco, 01 jun (SANA) El ministro de Turismo, Mohamed Martini, abord\u00f3 hoy con la viceministra de Relaciones Exteriores de Venezuela para Asuntos de Asia y Medio Oriente, Tatiana Moreno, y varios empresarios de transporte, agencias de turismo y viajes, las v\u00edas de afianzar el intercambio tur\u00edstico entre Siria y Venezuela. La reuni\u00f3n tuvo lugar durante &hellip;<\/p>\n","protected":false},"author":30,"featured_media":299431,"comment_status":"closed","ping_status":"closed","sticky":false,"template":"","format":"standard","meta":{"footnotes":""},"categories":[597,20724,467,7541],"tags":[],"class_list":["post-299430","post","type-post","status-publish","format-standard","has-post-thumbnail","","category-cinta-de-noticias","category-minuto-a-minuto","category-siria-y-el-mundo","category-ultimas-noticias"],"_links":{"self":[{"href":"https:\/\/archive.sana.sy\/es\/index.php?rest_route=\/wp\/v2\/posts\/299430"}],"collection":[{"href":"https:\/\/archive.sana.sy\/es\/index.php?rest_route=\/wp\/v2\/posts"}],"about":[{"href":"https:\/\/archive.sana.sy\/es\/index.php?rest_route=\/wp\/v2\/types\/post"}],"author":[{"embeddable":true,"href":"https:\/\/archive.sana.sy\/es\/index.php?rest_route=\/wp\/v2\/users\/30"}],"replies":[{"embeddable":true,"href":"https:\/\/archive.sana.sy\/es\/index.php?rest_route=%2Fwp%2Fv2%2Fcomments&post=299430"}],"version-history":[{"count":2,"href":"https:\/\/archive.sana.sy\/es\/index.php?rest_route=\/wp\/v2\/posts\/299430\/revisions"}],"predecessor-version":[{"id":299443,"href":"https:\/\/archive.sana.sy\/es\/index.php?rest_route=\/wp\/v2\/posts\/299430\/revisions\/299443"}],"wp:featuredmedia":[{"embeddable":true,"href":"https:\/\/archive.sana.sy\/es\/index.php?rest_route=\/wp\/v2\/media\/299431"}],"wp:attachment":[{"href":"https:\/\/archive.sana.sy\/es\/index.php?rest_route=%2Fwp%2Fv2%2Fmedia&parent=299430"}],"wp:term":[{"taxonomy":"category","embeddable":true,"href":"https:\/\/archive.sana.sy\/es\/index.php?rest_route=%2Fwp%2Fv2%2Fcategories&post=299430"},{"taxonomy":"post_tag","embeddable":true,"href":"https:\/\/archive.sana.sy\/es\/index.php?rest_route=%2Fwp%2Fv2%2Ftags&post=299430"}],"curies":[{"name":"wp","href":"https:\/\/api.w.org\/{rel}","templated":true}]}}