{"id":299433,"date":"2023-06-01T19:57:25","date_gmt":"2023-06-01T16:57:25","guid":{"rendered":"http:\/\/sana.sy\/es\/?p=299433"},"modified":"2023-06-01T21:52:10","modified_gmt":"2023-06-01T18:52:10","slug":"lavrov-el-mundo-unipolar-termino-y-trabajamos-por-un-mundo-multipolar","status":"publish","type":"post","link":"https:\/\/archive.sana.sy\/es\/?p=299433","title":{"rendered":"Lavrov: El mundo unipolar termin\u00f3 y trabajamos por un mundo multipolar"},"content":{"rendered":"<p style=\"text-align: justify;\"><span style=\"color: #800000;\"><strong>Ciudad del Cabo, 01 jun (SANA)<\/strong><\/span> El ministro de Exteriores de Rusia, Sergu\u00e9i Lavrov, afirm\u00f3 que el mundo dominado por un solo pa\u00eds o en un grupo de pa\u00edses espec\u00edficos lleg\u00f3 a su fin, y se est\u00e1 formando un mundo justo y multipolar.<\/p>\n<p style=\"text-align: justify;\">\u201cAsia, \u00c1frica y Am\u00e9rica Latina est\u00e1n fortaleciendo sus posiciones y expresan su disposici\u00f3n de defender su soberan\u00eda y desempe\u00f1ar un papel equitativo en los asuntos internacionales\u201d, expres\u00f3 Lavrov durante la reuni\u00f3n de los Cancilleres del BRICS, celebrada hoy en Ciudad del Cabo.<\/p>\n<p style=\"text-align: justify;\">El Canciller ruso agreg\u00f3 que: \u201cNos estamos desarrollando r\u00e1pidamente y se est\u00e1 formando un mundo multipolar que pone fin al mundo basado en un solo pa\u00eds o un grupo de pa\u00edses que act\u00faan de manera ego\u00edsta y obligan a los dem\u00e1s a seguir reglas espec\u00edficas sin tener en cuenta los principios b\u00e1sicos de las naciones de otros pa\u00edses\u201d<\/p>\n<p style=\"text-align: justify;\">Lavrov se\u00f1al\u00f3 que Occidente utiliza el m\u00e9todo de sanciones en chantajes, amenazas y en un intento de limitar las capacidades de diferentes pa\u00edses, adem\u00e1s de intentar dominar los debates internacionales y las organizaciones mundiales. En este sentido, hizo hincapi\u00e9 en la necesidad de desarrollar y acordar el sistema financiero mundial en beneficio de la mayor\u00eda mundial.<\/p>\n<p style=\"text-align: justify;\">Asimismo, indic\u00f3 que el nuevo enfoque colonial basado en vivir a expensas de los dem\u00e1s, apropiarse de sus derechos y saquear los recursos tiene un impacto negativo en los pa\u00edses ya no est\u00e1 permitido.<\/p>\n<p style=\"text-align: justify;\"><em><strong>ah\/fm<\/strong><\/em><\/p>\n","protected":false},"excerpt":{"rendered":"<p>Ciudad del Cabo, 01 jun (SANA) El ministro de Exteriores de Rusia, Sergu\u00e9i Lavrov, afirm\u00f3 que el mundo dominado por un solo pa\u00eds o en un grupo de pa\u00edses espec\u00edficos lleg\u00f3 a su fin, y se est\u00e1 formando un mundo justo y multipolar. \u201cAsia, \u00c1frica y Am\u00e9rica Latina est\u00e1n fortaleciendo sus posiciones y expresan su &hellip;<\/p>\n","protected":false},"author":30,"featured_media":299434,"comment_status":"closed","ping_status":"closed","sticky":false,"template":"","format":"standard","meta":{"footnotes":""},"categories":[456,16687,20724],"tags":[],"class_list":["post-299433","post","type-post","status-publish","format-standard","has-post-thumbnail","","category-arabe-internacional-politica","category-internacionales","category-minuto-a-minuto"],"_links":{"self":[{"href":"https:\/\/archive.sana.sy\/es\/index.php?rest_route=\/wp\/v2\/posts\/299433"}],"collection":[{"href":"https:\/\/archive.sana.sy\/es\/index.php?rest_route=\/wp\/v2\/posts"}],"about":[{"href":"https:\/\/archive.sana.sy\/es\/index.php?rest_route=\/wp\/v2\/types\/post"}],"author":[{"embeddable":true,"href":"https:\/\/archive.sana.sy\/es\/index.php?rest_route=\/wp\/v2\/users\/30"}],"replies":[{"embeddable":true,"href":"https:\/\/archive.sana.sy\/es\/index.php?rest_route=%2Fwp%2Fv2%2Fcomments&post=299433"}],"version-history":[{"count":2,"href":"https:\/\/archive.sana.sy\/es\/index.php?rest_route=\/wp\/v2\/posts\/299433\/revisions"}],"predecessor-version":[{"id":299442,"href":"https:\/\/archive.sana.sy\/es\/index.php?rest_route=\/wp\/v2\/posts\/299433\/revisions\/299442"}],"wp:featuredmedia":[{"embeddable":true,"href":"https:\/\/archive.sana.sy\/es\/index.php?rest_route=\/wp\/v2\/media\/299434"}],"wp:attachment":[{"href":"https:\/\/archive.sana.sy\/es\/index.php?rest_route=%2Fwp%2Fv2%2Fmedia&parent=299433"}],"wp:term":[{"taxonomy":"category","embeddable":true,"href":"https:\/\/archive.sana.sy\/es\/index.php?rest_route=%2Fwp%2Fv2%2Fcategories&post=299433"},{"taxonomy":"post_tag","embeddable":true,"href":"https:\/\/archive.sana.sy\/es\/index.php?rest_route=%2Fwp%2Fv2%2Ftags&post=299433"}],"curies":[{"name":"wp","href":"https:\/\/api.w.org\/{rel}","templated":true}]}}