{"id":299437,"date":"2023-06-01T21:13:07","date_gmt":"2023-06-01T18:13:07","guid":{"rendered":"http:\/\/sana.sy\/es\/?p=299437"},"modified":"2023-07-01T17:06:46","modified_gmt":"2023-07-01T14:06:46","slug":"presidente-al-assad-otorga-la-orden-del-merito-sirio-de-primera-clase-al-embajador-argelino-en-damasco","status":"publish","type":"post","link":"https:\/\/archive.sana.sy\/es\/?p=299437","title":{"rendered":"Presidente Al-Assad otorga la Medalla del M\u00e9rito Sirio de Primera Clase al embajador argelino en Damasco"},"content":{"rendered":"<p style=\"text-align: justify;\"><span style=\"color: #800000;\"><strong>Damasco, 01 jun (SANA) <\/strong><\/span>El presidente Bashar al-Assad, otorg\u00f3 la Orden del M\u00e9rito Sirio de Primera Clase al embajador de la Rep\u00fablica Democr\u00e1tica Popular de Argelia en Siria, Lhasan Tuhami, en reconocimiento a sus esfuerzos en el desarrollo de las relaciones sirio-argelinas.<\/p>\n<p style=\"text-align: justify;\">El ministro de Exteriores y Expatriados, Faisal Al-Mekdad, entreg\u00f3 la orden al embajador Tuhami en una ceremonia de despedida, celebrada en la sede de la Canciller\u00eda siria.<\/p>\n<p style=\"text-align: justify;\">Durante la ceremonia, el Canciller destac\u00f3 la profundidad y solidez de las relaciones hist\u00f3ricas entre Siria y Argelia, as\u00ed como la solidaridad de ambos pa\u00edses en la lucha contra el terrorismo, y resalt\u00f3 que ambas naciones han dado m\u00e1rtires en defensa de su independencia y soberan\u00eda.<\/p>\n<p style=\"text-align: justify;\">Tras recibir la condecoraci\u00f3n, el embajador Tuhami expres\u00f3 su profundo agradecimiento y gratitud al presidente Bashar al-Assad por el honor otorgado y agradeci\u00f3 al Canciller\u00eda siria por su cooperaci\u00f3n y apoyo durante su misi\u00f3n en Siria.<\/p>\n<p style=\"text-align: justify;\">El embajador manifest\u00f3 el inter\u00e9s de Argelia y su liderazgo en el desarrollo de las destacadas relaciones hist\u00f3ricas \u201ccon el pa\u00eds hermano, Siria\u201d.<\/p>\n<p style=\"text-align: justify;\"><em><strong>ah\/fm<\/strong><\/em><\/p>\n","protected":false},"excerpt":{"rendered":"<p>Damasco, 01 jun (SANA) El presidente Bashar al-Assad, otorg\u00f3 la Orden del M\u00e9rito Sirio de Primera Clase al embajador de la Rep\u00fablica Democr\u00e1tica Popular de Argelia en Siria, Lhasan Tuhami, en reconocimiento a sus esfuerzos en el desarrollo de las relaciones sirio-argelinas. El ministro de Exteriores y Expatriados, Faisal Al-Mekdad, entreg\u00f3 la orden al embajador &hellip;<\/p>\n","protected":false},"author":30,"featured_media":299438,"comment_status":"closed","ping_status":"closed","sticky":false,"template":"","format":"standard","meta":{"footnotes":""},"categories":[477,597,20724,476,16237,583,626],"tags":[],"class_list":["post-299437","post","type-post","status-publish","format-standard","has-post-thumbnail","","category-noticias-edulcorantes","category-cinta-de-noticias","category-minuto-a-minuto","category-locales","category-presidence-de-la-republique-arabe-syria","category-slide","category-sr-presidente"],"_links":{"self":[{"href":"https:\/\/archive.sana.sy\/es\/index.php?rest_route=\/wp\/v2\/posts\/299437"}],"collection":[{"href":"https:\/\/archive.sana.sy\/es\/index.php?rest_route=\/wp\/v2\/posts"}],"about":[{"href":"https:\/\/archive.sana.sy\/es\/index.php?rest_route=\/wp\/v2\/types\/post"}],"author":[{"embeddable":true,"href":"https:\/\/archive.sana.sy\/es\/index.php?rest_route=\/wp\/v2\/users\/30"}],"replies":[{"embeddable":true,"href":"https:\/\/archive.sana.sy\/es\/index.php?rest_route=%2Fwp%2Fv2%2Fcomments&post=299437"}],"version-history":[{"count":3,"href":"https:\/\/archive.sana.sy\/es\/index.php?rest_route=\/wp\/v2\/posts\/299437\/revisions"}],"predecessor-version":[{"id":299441,"href":"https:\/\/archive.sana.sy\/es\/index.php?rest_route=\/wp\/v2\/posts\/299437\/revisions\/299441"}],"wp:featuredmedia":[{"embeddable":true,"href":"https:\/\/archive.sana.sy\/es\/index.php?rest_route=\/wp\/v2\/media\/299438"}],"wp:attachment":[{"href":"https:\/\/archive.sana.sy\/es\/index.php?rest_route=%2Fwp%2Fv2%2Fmedia&parent=299437"}],"wp:term":[{"taxonomy":"category","embeddable":true,"href":"https:\/\/archive.sana.sy\/es\/index.php?rest_route=%2Fwp%2Fv2%2Fcategories&post=299437"},{"taxonomy":"post_tag","embeddable":true,"href":"https:\/\/archive.sana.sy\/es\/index.php?rest_route=%2Fwp%2Fv2%2Ftags&post=299437"}],"curies":[{"name":"wp","href":"https:\/\/api.w.org\/{rel}","templated":true}]}}