{"id":299471,"date":"2023-06-02T10:14:40","date_gmt":"2023-06-02T07:14:40","guid":{"rendered":"http:\/\/sana.sy\/es\/?p=299471"},"modified":"2023-06-02T10:14:40","modified_gmt":"2023-06-02T07:14:40","slug":"rector-de-la-universidad-de-damasco-aborda-con-la-vicecanciller-venezolana-la-cooperacion-academica-y-cultural","status":"publish","type":"post","link":"https:\/\/archive.sana.sy\/es\/?p=299471","title":{"rendered":"Rector de la Universidad de Damasco aborda con la vicecanciller venezolana la cooperaci\u00f3n acad\u00e9mica y cultural"},"content":{"rendered":"<blockquote>\n<p style=\"text-align: justify;\"><span style=\"color: #993300;\">Durante la cita, las dos partes abordaron las v\u00edas para afianzar las relaciones de cooperaci\u00f3n cient\u00edfica y cultural en virtud de acuerdos para el intercambio de becas, visitas de profesores y estudiantes, as\u00ed como eventos cient\u00edficas y culturales.<\/span><\/p>\n<\/blockquote>\n<p style=\"text-align: justify;\"><span style=\"color: #800000;\"><strong>Damasco, 02 jun (SANA)<\/strong><\/span> El rector de la Universidad de Damasco, Muhammad Al-Gaban, recibi\u00f3 a Tatiana Moreno, la viceministra de Exteriores de Venezuela para Asuntos de Asia y Medio Oriente, y la delegaci\u00f3n acompa\u00f1ante.<\/p>\n<p style=\"text-align: justify;\">Durante la cita, las dos partes abordaron las v\u00edas para afianzar las relaciones de cooperaci\u00f3n cient\u00edfica y cultural en virtud de acuerdos para el intercambio de becas, visitas de profesores y estudiantes, as\u00ed como eventos cient\u00edficas y culturales.<\/p>\n<p style=\"text-align: justify;\">Al-Gaban manifest\u00f3 la disposici\u00f3n de la Universidad de Damasco para tratar las \u00e1reas de cooperaci\u00f3n con el lado venezolano con el objetivo de establecer relaciones s\u00f3lidas con las universidades e instituciones cient\u00edficas venezolanas y llegar a acuerdos que sienten las bases para una cooperaci\u00f3n futura entre ambas partes.<\/p>\n<p style=\"text-align: justify;\">A su vez, Moreno destac\u00f3 el entusiasmo y esfuerzo de Venezuela por consolidar sus relaciones cient\u00edficas, acad\u00e9micas y culturales con las universidades sirias, especialmente la Universidad de Damasco.<\/p>\n<p style=\"text-align: justify;\">Expres\u00f3 su agradecimiento y aprecio por todos los esfuerzos realizados por la universidad para desarrollar y fortalecer la cooperaci\u00f3n cient\u00edfica y cultural con las universidades venezolanas, lo que repercutir\u00e1 positivamente en las distinguidas relaciones pol\u00edticas entre los dos pa\u00edses amigos.<\/p>\n<p style=\"text-align: justify;\">Luego, Moreno, la delegaci\u00f3n y el rector de la universidad colocaron una ofrenda floral en el monumento conmemorativo al l\u00edder venezolano Hugo Ch\u00e1vez en el campus de la universidad. Con esta ocasi\u00f3n, la vicecanciller de la naci\u00f3n sudamericana expres\u00f3 su esperanza de que el monumento sea una oportunidad para que los estudiantes conozcan su personalidad y su trayectoria de lucha, as\u00ed como el amor y el aprecio que ten\u00eda por Siria.<\/p>\n<p style=\"text-align: justify;\"><em><strong>ah\/fm<\/strong><\/em><\/p>\n","protected":false},"excerpt":{"rendered":"<p>Durante la cita, las dos partes abordaron las v\u00edas para afianzar las relaciones de cooperaci\u00f3n cient\u00edfica y cultural en virtud de acuerdos para el intercambio de becas, visitas de profesores y estudiantes, as\u00ed como eventos cient\u00edficas y culturales. Damasco, 02 jun (SANA) El rector de la Universidad de Damasco, Muhammad Al-Gaban, recibi\u00f3 a Tatiana Moreno, &hellip;<\/p>\n","protected":false},"author":30,"featured_media":299473,"comment_status":"closed","ping_status":"closed","sticky":false,"template":"","format":"standard","meta":{"footnotes":""},"categories":[477,597,20724,476,7541],"tags":[],"class_list":["post-299471","post","type-post","status-publish","format-standard","has-post-thumbnail","","category-noticias-edulcorantes","category-cinta-de-noticias","category-minuto-a-minuto","category-locales","category-ultimas-noticias"],"_links":{"self":[{"href":"https:\/\/archive.sana.sy\/es\/index.php?rest_route=\/wp\/v2\/posts\/299471"}],"collection":[{"href":"https:\/\/archive.sana.sy\/es\/index.php?rest_route=\/wp\/v2\/posts"}],"about":[{"href":"https:\/\/archive.sana.sy\/es\/index.php?rest_route=\/wp\/v2\/types\/post"}],"author":[{"embeddable":true,"href":"https:\/\/archive.sana.sy\/es\/index.php?rest_route=\/wp\/v2\/users\/30"}],"replies":[{"embeddable":true,"href":"https:\/\/archive.sana.sy\/es\/index.php?rest_route=%2Fwp%2Fv2%2Fcomments&post=299471"}],"version-history":[{"count":1,"href":"https:\/\/archive.sana.sy\/es\/index.php?rest_route=\/wp\/v2\/posts\/299471\/revisions"}],"predecessor-version":[{"id":299474,"href":"https:\/\/archive.sana.sy\/es\/index.php?rest_route=\/wp\/v2\/posts\/299471\/revisions\/299474"}],"wp:featuredmedia":[{"embeddable":true,"href":"https:\/\/archive.sana.sy\/es\/index.php?rest_route=\/wp\/v2\/media\/299473"}],"wp:attachment":[{"href":"https:\/\/archive.sana.sy\/es\/index.php?rest_route=%2Fwp%2Fv2%2Fmedia&parent=299471"}],"wp:term":[{"taxonomy":"category","embeddable":true,"href":"https:\/\/archive.sana.sy\/es\/index.php?rest_route=%2Fwp%2Fv2%2Fcategories&post=299471"},{"taxonomy":"post_tag","embeddable":true,"href":"https:\/\/archive.sana.sy\/es\/index.php?rest_route=%2Fwp%2Fv2%2Ftags&post=299471"}],"curies":[{"name":"wp","href":"https:\/\/api.w.org\/{rel}","templated":true}]}}