{"id":299475,"date":"2023-06-02T10:22:28","date_gmt":"2023-06-02T07:22:28","guid":{"rendered":"http:\/\/sana.sy\/es\/?p=299475"},"modified":"2023-06-02T10:22:41","modified_gmt":"2023-06-02T07:22:41","slug":"iria-y-el-pma-analizan-mecanismos-encaminados-a-fortalecer-cooperacion-conjunta","status":"publish","type":"post","link":"https:\/\/archive.sana.sy\/es\/?p=299475","title":{"rendered":"Siria y el PMA analizan mecanismos encaminados a fortalecer cooperaci\u00f3n conjunta"},"content":{"rendered":"<blockquote>\n<p style=\"text-align: justify;\"><span style=\"color: #993300;\">Fleischer expres\u00f3 su aprecio por la continua cooperaci\u00f3n con el gobierno sirio y afirm\u00f3 su compromiso de trabajar para garantizar la continuidad de esta cooperaci\u00f3n, superar las dificultades y obtener financiamiento adicional.<\/span><\/p>\n<\/blockquote>\n<p style=\"text-align: justify;\"><span style=\"color: #800000;\"><strong>Damasco, 02 jun (SANA)<\/strong> <\/span>El ministro de Administraci\u00f3n Local y Medio Ambiente, Husein Makhlof, se reuni\u00f3 con Corinne Fleischer, directora regional del Programa Mundial de Alimentos para el Medio Oriente y el Norte de \u00c1frica (PMA).<br \/>\nLas dos partes examinaron las v\u00edas para consolidar la cooperaci\u00f3n y mejorar la respuesta humanitaria sobre la base de la financiaci\u00f3n que dispone el PMA.<\/p>\n<p style=\"text-align: justify;\">Al respecto, Makhlof subray\u00f3 la importancia de la continuaci\u00f3n del trabajo conjunto de acuerdo con los mecanismos adoptados, con el fin de garantizar la llegada de la ayuda a quienes la necesitan, adem\u00e1s de hacer proyectos de rehabilitaci\u00f3n de infraestructuras, panader\u00edas, redes de agua, saneamiento y escuelas.<\/p>\n<p style=\"text-align: justify;\">\u201cEl n\u00famero de personas necesitadas est\u00e1 en aumento, debido al bloqueo injusto impuesto sobre Siria, as\u00ed como el saqueo de recursos naturales por parte de los ocupantes el estadounidense y el turco, en la regi\u00f3n noreste de Siria\u201d, detall\u00f3 el Titular.<\/p>\n<p style=\"text-align: justify;\">Por su parte, Fleischer expres\u00f3 su aprecio por la continua cooperaci\u00f3n con el gobierno sirio y afirm\u00f3 su compromiso de trabajar para garantizar la continuidad de esta cooperaci\u00f3n, superar las dificultades y obtener financiamiento adicional.<\/p>\n<p style=\"text-align: justify;\"><em><strong>ah\/fm<\/strong><\/em><\/p>\n","protected":false},"excerpt":{"rendered":"<p>Fleischer expres\u00f3 su aprecio por la continua cooperaci\u00f3n con el gobierno sirio y afirm\u00f3 su compromiso de trabajar para garantizar la continuidad de esta cooperaci\u00f3n, superar las dificultades y obtener financiamiento adicional. Damasco, 02 jun (SANA) El ministro de Administraci\u00f3n Local y Medio Ambiente, Husein Makhlof, se reuni\u00f3 con Corinne Fleischer, directora regional del Programa &hellip;<\/p>\n","protected":false},"author":30,"featured_media":299476,"comment_status":"closed","ping_status":"closed","sticky":false,"template":"","format":"standard","meta":{"footnotes":""},"categories":[477,597,20724,467,7541],"tags":[],"class_list":["post-299475","post","type-post","status-publish","format-standard","has-post-thumbnail","","category-noticias-edulcorantes","category-cinta-de-noticias","category-minuto-a-minuto","category-siria-y-el-mundo","category-ultimas-noticias"],"_links":{"self":[{"href":"https:\/\/archive.sana.sy\/es\/index.php?rest_route=\/wp\/v2\/posts\/299475"}],"collection":[{"href":"https:\/\/archive.sana.sy\/es\/index.php?rest_route=\/wp\/v2\/posts"}],"about":[{"href":"https:\/\/archive.sana.sy\/es\/index.php?rest_route=\/wp\/v2\/types\/post"}],"author":[{"embeddable":true,"href":"https:\/\/archive.sana.sy\/es\/index.php?rest_route=\/wp\/v2\/users\/30"}],"replies":[{"embeddable":true,"href":"https:\/\/archive.sana.sy\/es\/index.php?rest_route=%2Fwp%2Fv2%2Fcomments&post=299475"}],"version-history":[{"count":2,"href":"https:\/\/archive.sana.sy\/es\/index.php?rest_route=\/wp\/v2\/posts\/299475\/revisions"}],"predecessor-version":[{"id":299478,"href":"https:\/\/archive.sana.sy\/es\/index.php?rest_route=\/wp\/v2\/posts\/299475\/revisions\/299478"}],"wp:featuredmedia":[{"embeddable":true,"href":"https:\/\/archive.sana.sy\/es\/index.php?rest_route=\/wp\/v2\/media\/299476"}],"wp:attachment":[{"href":"https:\/\/archive.sana.sy\/es\/index.php?rest_route=%2Fwp%2Fv2%2Fmedia&parent=299475"}],"wp:term":[{"taxonomy":"category","embeddable":true,"href":"https:\/\/archive.sana.sy\/es\/index.php?rest_route=%2Fwp%2Fv2%2Fcategories&post=299475"},{"taxonomy":"post_tag","embeddable":true,"href":"https:\/\/archive.sana.sy\/es\/index.php?rest_route=%2Fwp%2Fv2%2Ftags&post=299475"}],"curies":[{"name":"wp","href":"https:\/\/api.w.org\/{rel}","templated":true}]}}