{"id":299479,"date":"2023-06-02T10:28:52","date_gmt":"2023-06-02T07:28:52","guid":{"rendered":"http:\/\/sana.sy\/es\/?p=299479"},"modified":"2023-06-02T10:28:52","modified_gmt":"2023-06-02T07:28:52","slug":"siria-y-bahrein-por-afianzar-cooperacion-en-el-ambito-de-fomento-social","status":"publish","type":"post","link":"https:\/\/archive.sana.sy\/es\/?p=299479","title":{"rendered":"Siria y Bahr\u00e9in por afianzar cooperaci\u00f3n en el \u00e1mbito de fomento social"},"content":{"rendered":"<p style=\"text-align: justify;\"><span style=\"color: #800000;\"><strong>Damasco, 02 jun (SANA)<\/strong><\/span> El ministro de Asuntos Sociales y Trabajo, Luay Al-Munjed, examin\u00f3 con el embajador del Reino de Bahr\u00e9in en Siria, Wahid Sayyar, las formas de fortalecer las relaciones de cooperaci\u00f3n entre ambos pa\u00edses en el \u00e1mbito del desarrollo social.<\/p>\n<p style=\"text-align: justify;\">Durante la cita, ambas partes revisaron los memorandos de entendimiento firmados entre los dos pa\u00edses, y destacaron la importancia de establecer una agenda de implementaci\u00f3n para los mismos.<\/p>\n<p style=\"text-align: justify;\">Asimismo, examinaron diversos temas y asuntos relacionados con el intercambio de experiencias en el trabajo de organizaciones no gubernamentales y programas de ayuda para familias necesitadas, personas con discapacidad y empoderamiento de la mujer.<\/p>\n<p style=\"text-align: justify;\">Al-Munjed enfatiz\u00f3 durante la reuni\u00f3n la importancia de activar los acuerdos y aprovechar los recursos y experiencias para lograr los mejores resultados que contribuyan a superar las secuelas negativas de la guerra terrorista que enfrent\u00f3 Siria, adem\u00e1s de ayudar al pueblo sirio a enfrentar las medidas coercitivas unilaterales.<\/p>\n<p style=\"text-align: justify;\">Por su parte, Sayyar expres\u00f3 la disposici\u00f3n de su pa\u00eds para brindar apoyo al pueblo sirio en diversas \u00e1reas, incluidos los programas de protecci\u00f3n social.<\/p>\n<p style=\"text-align: justify;\">El diplom\u00e1tico elogi\u00f3 el rol destacado desempe\u00f1ado por la mano de obra siria en Bahr\u00e9in y sus logros avanzados en diversos campos.<\/p>\n<p style=\"text-align: justify;\"><em><strong>ah\/fm<\/strong><\/em><\/p>\n","protected":false},"excerpt":{"rendered":"<p>Damasco, 02 jun (SANA) El ministro de Asuntos Sociales y Trabajo, Luay Al-Munjed, examin\u00f3 con el embajador del Reino de Bahr\u00e9in en Siria, Wahid Sayyar, las formas de fortalecer las relaciones de cooperaci\u00f3n entre ambos pa\u00edses en el \u00e1mbito del desarrollo social. Durante la cita, ambas partes revisaron los memorandos de entendimiento firmados entre los &hellip;<\/p>\n","protected":false},"author":30,"featured_media":299480,"comment_status":"closed","ping_status":"closed","sticky":false,"template":"","format":"standard","meta":{"footnotes":""},"categories":[597,20724,467,7541],"tags":[],"class_list":["post-299479","post","type-post","status-publish","format-standard","has-post-thumbnail","","category-cinta-de-noticias","category-minuto-a-minuto","category-siria-y-el-mundo","category-ultimas-noticias"],"_links":{"self":[{"href":"https:\/\/archive.sana.sy\/es\/index.php?rest_route=\/wp\/v2\/posts\/299479"}],"collection":[{"href":"https:\/\/archive.sana.sy\/es\/index.php?rest_route=\/wp\/v2\/posts"}],"about":[{"href":"https:\/\/archive.sana.sy\/es\/index.php?rest_route=\/wp\/v2\/types\/post"}],"author":[{"embeddable":true,"href":"https:\/\/archive.sana.sy\/es\/index.php?rest_route=\/wp\/v2\/users\/30"}],"replies":[{"embeddable":true,"href":"https:\/\/archive.sana.sy\/es\/index.php?rest_route=%2Fwp%2Fv2%2Fcomments&post=299479"}],"version-history":[{"count":1,"href":"https:\/\/archive.sana.sy\/es\/index.php?rest_route=\/wp\/v2\/posts\/299479\/revisions"}],"predecessor-version":[{"id":299481,"href":"https:\/\/archive.sana.sy\/es\/index.php?rest_route=\/wp\/v2\/posts\/299479\/revisions\/299481"}],"wp:featuredmedia":[{"embeddable":true,"href":"https:\/\/archive.sana.sy\/es\/index.php?rest_route=\/wp\/v2\/media\/299480"}],"wp:attachment":[{"href":"https:\/\/archive.sana.sy\/es\/index.php?rest_route=%2Fwp%2Fv2%2Fmedia&parent=299479"}],"wp:term":[{"taxonomy":"category","embeddable":true,"href":"https:\/\/archive.sana.sy\/es\/index.php?rest_route=%2Fwp%2Fv2%2Fcategories&post=299479"},{"taxonomy":"post_tag","embeddable":true,"href":"https:\/\/archive.sana.sy\/es\/index.php?rest_route=%2Fwp%2Fv2%2Ftags&post=299479"}],"curies":[{"name":"wp","href":"https:\/\/api.w.org\/{rel}","templated":true}]}}