{"id":29956,"date":"2015-09-15T12:05:20","date_gmt":"2015-09-15T09:05:20","guid":{"rendered":"http:\/\/sana.sy\/es\/?p=29956"},"modified":"2015-09-15T12:05:20","modified_gmt":"2015-09-15T09:05:20","slug":"canciller-checo-es-necesario-ya-alcanzar-una-solucion-politica-a-la-crisis-en-siria","status":"publish","type":"post","link":"https:\/\/archive.sana.sy\/es\/?p=29956","title":{"rendered":"Canciller checo: es necesario ya alcanzar una soluci\u00f3n pol\u00edtica a la crisis en Siria"},"content":{"rendered":"<div><span lang=\"ES-TRAD\" style=\"color: #800000\">Praga, SANA<\/span><\/div>\n<div><\/div>\n<div><span lang=\"ES-TRAD\">El ministro de Exteriores checo, Lubomir Zaaralak, critic\u00f3 las acciones de algunos pa\u00edses occidentales hacia la crisis en Siria, diciendo que la actual contradicci\u00f3n en sus posiciones hace que los europeos sean incapaces de ponerse de acuerdo sobre una estrategia unida ante esa crisis.<\/span><\/div>\n<div><\/div>\n<div><span lang=\"ES-TRAD\">En una entrevista con la TV Checa la noche del lunes, Zaaralak dijo: &#8220;Estamos tratando por un lado, ayudar al enviado internacional para Siria Staffan de Misturaaly a encontrar una soluci\u00f3n pol\u00edtica entre los diversos partidos de la oposici\u00f3n y el gobierno, y por el otro lado, algunos pa\u00edses europeos siguen enviando armas y apoyando a algunos grupos armados, mientras que Gran Breta\u00f1a amenaza con usar la fuerza&#8221;.<\/span><\/div>\n<div><\/div>\n<div><span lang=\"ES-TRAD\">Zaaralak destac\u00f3 que &#8220;es necesario ya encontrar una soluci\u00f3n pol\u00edtica a la crisis en Siria y no a verter aceite sobre el fuego, enviando m\u00e1s armas a los grupos armados.&#8221;<\/span><\/div>\n<div><\/div>\n<div><span style=\"color: #3366ff\">Fady M., Hala B.<\/span><\/div>\n<div class=\"yj6qo ajU\">\n<div id=\":w8\" class=\"ajR\"><span style=\"color: #3366ff\"><img decoding=\"async\" class=\"ajT\" src=\"https:\/\/ssl.gstatic.com\/ui\/v1\/icons\/mail\/images\/cleardot.gif\" alt=\"\" \/><\/span><\/div>\n<\/div>\n","protected":false},"excerpt":{"rendered":"<p>Praga, SANA El ministro de Exteriores checo, Lubomir Zaaralak, critic\u00f3 las acciones de algunos pa\u00edses occidentales hacia la crisis en Siria, diciendo que la actual contradicci\u00f3n en sus posiciones hace que los europeos sean incapaces de ponerse de acuerdo sobre una estrategia unida ante esa crisis. En una entrevista con la TV Checa la noche &hellip;<\/p>\n","protected":false},"author":1,"featured_media":29957,"comment_status":"closed","ping_status":"closed","sticky":false,"template":"","format":"standard","meta":{"footnotes":""},"categories":[456,457,576],"tags":[6636],"class_list":["post-29956","post","type-post","status-publish","format-standard","has-post-thumbnail","","category-arabe-internacional-politica","category-noticias-arabe-internacional-politica","category-noticias-politicas","tag-canciller-checo-es-necesario-ya-alcanzar-una-solucion-politica-a-la-crisis-en-siria"],"_links":{"self":[{"href":"https:\/\/archive.sana.sy\/es\/index.php?rest_route=\/wp\/v2\/posts\/29956"}],"collection":[{"href":"https:\/\/archive.sana.sy\/es\/index.php?rest_route=\/wp\/v2\/posts"}],"about":[{"href":"https:\/\/archive.sana.sy\/es\/index.php?rest_route=\/wp\/v2\/types\/post"}],"author":[{"embeddable":true,"href":"https:\/\/archive.sana.sy\/es\/index.php?rest_route=\/wp\/v2\/users\/1"}],"replies":[{"embeddable":true,"href":"https:\/\/archive.sana.sy\/es\/index.php?rest_route=%2Fwp%2Fv2%2Fcomments&post=29956"}],"version-history":[{"count":0,"href":"https:\/\/archive.sana.sy\/es\/index.php?rest_route=\/wp\/v2\/posts\/29956\/revisions"}],"wp:featuredmedia":[{"embeddable":true,"href":"https:\/\/archive.sana.sy\/es\/index.php?rest_route=\/wp\/v2\/media\/29957"}],"wp:attachment":[{"href":"https:\/\/archive.sana.sy\/es\/index.php?rest_route=%2Fwp%2Fv2%2Fmedia&parent=29956"}],"wp:term":[{"taxonomy":"category","embeddable":true,"href":"https:\/\/archive.sana.sy\/es\/index.php?rest_route=%2Fwp%2Fv2%2Fcategories&post=29956"},{"taxonomy":"post_tag","embeddable":true,"href":"https:\/\/archive.sana.sy\/es\/index.php?rest_route=%2Fwp%2Fv2%2Ftags&post=29956"}],"curies":[{"name":"wp","href":"https:\/\/api.w.org\/{rel}","templated":true}]}}