{"id":299576,"date":"2023-06-03T16:33:40","date_gmt":"2023-06-03T13:33:40","guid":{"rendered":"http:\/\/sana.sy\/es\/?p=299576"},"modified":"2023-06-03T16:33:40","modified_gmt":"2023-06-03T13:33:40","slug":"ministerio-de-defensa-ruso-anuncio-la-eliminacion-de-585-militares-y-mercenarios-ucranianos-y-el-derribo-de-un-avion-de-combate-su-27-un-helicoptero-mi-8-y-16-drones","status":"publish","type":"post","link":"https:\/\/archive.sana.sy\/es\/?p=299576","title":{"rendered":"Ministerio de Defensa ruso anunci\u00f3 la eliminaci\u00f3n de 585 militares y mercenarios ucranianos y el derribo de un avi\u00f3n de combate Su-27, un helic\u00f3ptero Mi-8 y 16 drones"},"content":{"rendered":"","protected":false},"excerpt":{"rendered":"","protected":false},"author":42,"featured_media":0,"comment_status":"closed","ping_status":"closed","sticky":false,"template":"","format":"standard","meta":{"footnotes":""},"categories":[20724,596],"tags":[],"class_list":["post-299576","post","type-post","status-publish","format-standard","","category-minuto-a-minuto","category-urgente"],"_links":{"self":[{"href":"https:\/\/archive.sana.sy\/es\/index.php?rest_route=\/wp\/v2\/posts\/299576"}],"collection":[{"href":"https:\/\/archive.sana.sy\/es\/index.php?rest_route=\/wp\/v2\/posts"}],"about":[{"href":"https:\/\/archive.sana.sy\/es\/index.php?rest_route=\/wp\/v2\/types\/post"}],"author":[{"embeddable":true,"href":"https:\/\/archive.sana.sy\/es\/index.php?rest_route=\/wp\/v2\/users\/42"}],"replies":[{"embeddable":true,"href":"https:\/\/archive.sana.sy\/es\/index.php?rest_route=%2Fwp%2Fv2%2Fcomments&post=299576"}],"version-history":[{"count":1,"href":"https:\/\/archive.sana.sy\/es\/index.php?rest_route=\/wp\/v2\/posts\/299576\/revisions"}],"predecessor-version":[{"id":299577,"href":"https:\/\/archive.sana.sy\/es\/index.php?rest_route=\/wp\/v2\/posts\/299576\/revisions\/299577"}],"wp:attachment":[{"href":"https:\/\/archive.sana.sy\/es\/index.php?rest_route=%2Fwp%2Fv2%2Fmedia&parent=299576"}],"wp:term":[{"taxonomy":"category","embeddable":true,"href":"https:\/\/archive.sana.sy\/es\/index.php?rest_route=%2Fwp%2Fv2%2Fcategories&post=299576"},{"taxonomy":"post_tag","embeddable":true,"href":"https:\/\/archive.sana.sy\/es\/index.php?rest_route=%2Fwp%2Fv2%2Ftags&post=299576"}],"curies":[{"name":"wp","href":"https:\/\/api.w.org\/{rel}","templated":true}]}}