{"id":29959,"date":"2015-09-15T12:31:49","date_gmt":"2015-09-15T09:31:49","guid":{"rendered":"http:\/\/sana.sy\/es\/?p=29959"},"modified":"2015-09-16T11:52:25","modified_gmt":"2015-09-16T08:52:25","slug":"muertos-y-heridos-en-un-nuevo-atentado-terrorista-con-coche-bomba-en-hassakeh","status":"publish","type":"post","link":"https:\/\/archive.sana.sy\/es\/?p=29959","title":{"rendered":"Siete muertos y 21 heridos en un nuevo atentado terrorista con coche bomba en Hassakeh"},"content":{"rendered":"<p><span style=\"color: #800000\">Hassakeh, SANA<\/span><\/p>\n<p>Un coche bomba explot\u00f3 este martes en la ciudad de Hassakeh dejando a varios civiles entre muertos o heridos.<\/p>\n<p><a href=\"http:\/\/sana.sy\/es\/wp-content\/uploads\/2015\/09\/HASS2.jpg\"><img loading=\"lazy\" decoding=\"async\" class=\"alignnone size-medium wp-image-29961\" src=\"http:\/\/sana.sy\/es\/wp-content\/uploads\/2015\/09\/HASS2-300x150.jpg\" alt=\"HASS2\" width=\"300\" height=\"150\" srcset=\"https:\/\/archive.sana.sy\/es\/wp-content\/uploads\/2015\/09\/HASS2.jpg 300w, https:\/\/archive.sana.sy\/es\/wp-content\/uploads\/2015\/09\/HASS2-150x75.jpg 150w\" sizes=\"(max-width: 300px) 100vw, 300px\" \/><\/a><\/p>\n<p>Seg\u00fan una fuente en la gobernaci\u00f3n, siete\u00a0personas perdieron la vida y otras 21\u00a0resultaron heridas en un atentado terrorista con un coche bomba frente contra la sede del Departamento de Recursos H\u00eddricos en el barrio de Maishiah.<\/p>\n<p><a href=\"http:\/\/sana.sy\/es\/wp-content\/uploads\/2015\/09\/HASS.jpg\"><img loading=\"lazy\" decoding=\"async\" class=\"alignnone size-medium wp-image-29962\" src=\"http:\/\/sana.sy\/es\/wp-content\/uploads\/2015\/09\/HASS-300x150.jpg\" alt=\"HASS\" width=\"300\" height=\"150\" srcset=\"https:\/\/archive.sana.sy\/es\/wp-content\/uploads\/2015\/09\/HASS.jpg 300w, https:\/\/archive.sana.sy\/es\/wp-content\/uploads\/2015\/09\/HASS-150x75.jpg 150w\" sizes=\"(max-width: 300px) 100vw, 300px\" \/><\/a><\/p>\n<p>Ayer lunes, dos atentados terroristas suicidas sacudieron a ciudad de Hassakeh (707 km al nordeste de Damasco), dejando un saldo de 26 m\u00e1rtires y 90 heridos, mayoritariamente ni\u00f1os y mujeres.<\/p>\n<p>&nbsp;<\/p>\n<p><span style=\"color: #00ccff\">Fady M., Hala B.<\/span><\/p>\n","protected":false},"excerpt":{"rendered":"<p>Hassakeh, SANA Un coche bomba explot\u00f3 este martes en la ciudad de Hassakeh dejando a varios civiles entre muertos o heridos. Seg\u00fan una fuente en la gobernaci\u00f3n, siete\u00a0personas perdieron la vida y otras 21\u00a0resultaron heridas en un atentado terrorista con un coche bomba frente contra la sede del Departamento de Recursos H\u00eddricos en el barrio &hellip;<\/p>\n","protected":false},"author":1,"featured_media":29960,"comment_status":"closed","ping_status":"closed","sticky":false,"template":"","format":"standard","meta":{"footnotes":""},"categories":[597,476],"tags":[6637,6642],"class_list":["post-29959","post","type-post","status-publish","format-standard","has-post-thumbnail","","category-cinta-de-noticias","category-locales","tag-muertos-y-heridos-en-un-nuevo-atentado-terrorista-con-coche-bomba-en-hassakeh","tag-siete-muertos-y-17-heridos-en-un-nuevo-atentado-terrorista-con-coche-bomba-en-hassakeh"],"_links":{"self":[{"href":"https:\/\/archive.sana.sy\/es\/index.php?rest_route=\/wp\/v2\/posts\/29959"}],"collection":[{"href":"https:\/\/archive.sana.sy\/es\/index.php?rest_route=\/wp\/v2\/posts"}],"about":[{"href":"https:\/\/archive.sana.sy\/es\/index.php?rest_route=\/wp\/v2\/types\/post"}],"author":[{"embeddable":true,"href":"https:\/\/archive.sana.sy\/es\/index.php?rest_route=\/wp\/v2\/users\/1"}],"replies":[{"embeddable":true,"href":"https:\/\/archive.sana.sy\/es\/index.php?rest_route=%2Fwp%2Fv2%2Fcomments&post=29959"}],"version-history":[{"count":0,"href":"https:\/\/archive.sana.sy\/es\/index.php?rest_route=\/wp\/v2\/posts\/29959\/revisions"}],"wp:featuredmedia":[{"embeddable":true,"href":"https:\/\/archive.sana.sy\/es\/index.php?rest_route=\/wp\/v2\/media\/29960"}],"wp:attachment":[{"href":"https:\/\/archive.sana.sy\/es\/index.php?rest_route=%2Fwp%2Fv2%2Fmedia&parent=29959"}],"wp:term":[{"taxonomy":"category","embeddable":true,"href":"https:\/\/archive.sana.sy\/es\/index.php?rest_route=%2Fwp%2Fv2%2Fcategories&post=29959"},{"taxonomy":"post_tag","embeddable":true,"href":"https:\/\/archive.sana.sy\/es\/index.php?rest_route=%2Fwp%2Fv2%2Ftags&post=29959"}],"curies":[{"name":"wp","href":"https:\/\/api.w.org\/{rel}","templated":true}]}}