{"id":299618,"date":"2023-06-04T12:10:16","date_gmt":"2023-06-04T09:10:16","guid":{"rendered":"http:\/\/sana.sy\/es\/?p=299618"},"modified":"2023-06-04T12:14:08","modified_gmt":"2023-06-04T09:14:08","slug":"rusia-destruye-deposito-de-municiones-y-posiciones-militares-en-ucrania","status":"publish","type":"post","link":"https:\/\/archive.sana.sy\/es\/?p=299618","title":{"rendered":"Rusia destruye dep\u00f3sito de municiones y posiciones militares en Ucrania"},"content":{"rendered":"<p style=\"text-align: justify;\"><span style=\"color: #800000;\"><strong>Mosc\u00fa, 4 jun (SANA)\u00a0<\/strong> <\/span>El ej\u00e9rcito ruso anunci\u00f3 hoy el empleo de misiles t\u00e1cticos de corto alcance \u201cIskander&#8221; para destruir un dep\u00f3sito de las fuerzas de Kiev.<\/p>\n<p style=\"text-align: justify;\">A su vez, la aviaci\u00f3n rusa bombarde\u00f3 un centro de comando y control para el despliegue temporal de las fuerzas del r\u00e9gimen ucraniano en direcci\u00f3n a Alexandru-Kalinovskoye, seg\u00fan afirm\u00f3 Vadim Astafiev, el director del centro de prensa de las fuerzas SUR del ej\u00e9rcito ruso.<\/p>\n<p style=\"text-align: justify;\">Agreg\u00f3 que se destruy\u00f3 uno de los dep\u00f3sitos de municiones de la 90\u00aa Brigada de las fuerzas ucranianas por misiles t\u00e1cticos Iskander cerca del pueblo de Drujkovka .<\/p>\n<p style=\"text-align: justify;\">Indic\u00f3 que la artiller\u00eda rusa destruy\u00f3 un ob\u00fas ucraniano en el \u00e1rea residencial de Ostroy, as\u00ed como un lanzamisiles en el \u00e1rea de Ostrovsky.<\/p>\n<p style=\"text-align: justify;\"><strong>ws\/fm<\/strong><\/p>\n","protected":false},"excerpt":{"rendered":"<p>Mosc\u00fa, 4 jun (SANA)\u00a0 El ej\u00e9rcito ruso anunci\u00f3 hoy el empleo de misiles t\u00e1cticos de corto alcance \u201cIskander&#8221; para destruir un dep\u00f3sito de las fuerzas de Kiev. A su vez, la aviaci\u00f3n rusa bombarde\u00f3 un centro de comando y control para el despliegue temporal de las fuerzas del r\u00e9gimen ucraniano en direcci\u00f3n a Alexandru-Kalinovskoye, seg\u00fan &hellip;<\/p>\n","protected":false},"author":35,"featured_media":299620,"comment_status":"closed","ping_status":"closed","sticky":false,"template":"","format":"standard","meta":{"footnotes":""},"categories":[597,456,16687,20724,7541],"tags":[],"class_list":["post-299618","post","type-post","status-publish","format-standard","has-post-thumbnail","","category-cinta-de-noticias","category-arabe-internacional-politica","category-internacionales","category-minuto-a-minuto","category-ultimas-noticias"],"_links":{"self":[{"href":"https:\/\/archive.sana.sy\/es\/index.php?rest_route=\/wp\/v2\/posts\/299618"}],"collection":[{"href":"https:\/\/archive.sana.sy\/es\/index.php?rest_route=\/wp\/v2\/posts"}],"about":[{"href":"https:\/\/archive.sana.sy\/es\/index.php?rest_route=\/wp\/v2\/types\/post"}],"author":[{"embeddable":true,"href":"https:\/\/archive.sana.sy\/es\/index.php?rest_route=\/wp\/v2\/users\/35"}],"replies":[{"embeddable":true,"href":"https:\/\/archive.sana.sy\/es\/index.php?rest_route=%2Fwp%2Fv2%2Fcomments&post=299618"}],"version-history":[{"count":3,"href":"https:\/\/archive.sana.sy\/es\/index.php?rest_route=\/wp\/v2\/posts\/299618\/revisions"}],"predecessor-version":[{"id":299625,"href":"https:\/\/archive.sana.sy\/es\/index.php?rest_route=\/wp\/v2\/posts\/299618\/revisions\/299625"}],"wp:featuredmedia":[{"embeddable":true,"href":"https:\/\/archive.sana.sy\/es\/index.php?rest_route=\/wp\/v2\/media\/299620"}],"wp:attachment":[{"href":"https:\/\/archive.sana.sy\/es\/index.php?rest_route=%2Fwp%2Fv2%2Fmedia&parent=299618"}],"wp:term":[{"taxonomy":"category","embeddable":true,"href":"https:\/\/archive.sana.sy\/es\/index.php?rest_route=%2Fwp%2Fv2%2Fcategories&post=299618"},{"taxonomy":"post_tag","embeddable":true,"href":"https:\/\/archive.sana.sy\/es\/index.php?rest_route=%2Fwp%2Fv2%2Ftags&post=299618"}],"curies":[{"name":"wp","href":"https:\/\/api.w.org\/{rel}","templated":true}]}}