{"id":299619,"date":"2023-06-04T12:13:46","date_gmt":"2023-06-04T09:13:46","guid":{"rendered":"https:\/\/sana.sy\/es\/?p=299619"},"modified":"2023-06-04T18:48:31","modified_gmt":"2023-06-04T15:48:31","slug":"cancilleres-de-siria-e-iraq-sostienen-conferencia-de-prensa-en-bagdad","status":"publish","type":"post","link":"https:\/\/archive.sana.sy\/es\/?p=299619","title":{"rendered":"Cancilleres de Siria e Iraq destacan hist\u00f3ricas y profundas relaciones"},"content":{"rendered":"<p style=\"text-align: justify;\"><span style=\"color: #800000;\"><strong>Bagdad, 4 jun (SANA)<\/strong><\/span> Los ministros de Asuntos Exteriores de Siria, Faisal Al-Mekedad, y de Iraq, Fouad Hussein, sostuvieron hoy una rueda de prensa en la sede de la Canciller\u00eda iraqu\u00ed en Bagdad, la capital iraqu\u00ed, tras concluir una sesi\u00f3n de conversaciones oficiales.<\/p>\n<p style=\"text-align: justify;\"><span style=\"color: #000080;\">Canciller iraqu\u00ed: nuestra posici\u00f3n es firme de apoyo a Siria<\/span><\/p>\n<p style=\"text-align: justify;\">\u201cLas relaciones entre nuestros dos pa\u00edses son hist\u00f3ricas y profundas, y nuestra posici\u00f3n es firme de apoyo a Siria, y estamos muy contentos con que haya retomado su asiento en la Liga \u00c1rabe\u201d, dijo el jefe de la diplomacia iraqu\u00ed.<\/p>\n<p style=\"text-align: justify;\">Agreg\u00f3 que la situaci\u00f3n humanitaria en Siria es dif\u00edcil y necesita acciones a nivel regional e internacional para facilitar la entrada de ayuda humanitaria y garantizar las condiciones para el regreso de los refugiados a sus hogares.<\/p>\n<p style=\"text-align: justify;\"><span style=\"color: #000080;\">Al-Mekdad: Lo que da\u00f1a a Siria da\u00f1a a Iraq y viceversa<\/span><\/p>\n<p style=\"text-align: justify;\">A su vez, el Canciller sirio dijo que Damasco est\u00e1 dispuesto a hacer todo lo posible para fortalecer las relaciones de manera que esto repercuta en el bien de los dos pueblos.<\/p>\n<p style=\"text-align: justify;\">Las conversaciones fueron constructivas y abarcaron el fortalecimiento de la cooperaci\u00f3n en todos los campos, dijo Al-Mekdad, y asegur\u00f3 que Siria e Iraq siguen unidos para enfrentar todos los desaf\u00edos comunes.<\/p>\n<p style=\"text-align: justify;\">El jefe de la diplomacia siria revel\u00f3 que las dos partes abordaron los esfuerzos conjuntos para combatir el terrorismo. Lo que da\u00f1a a Siria da\u00f1a a Irak y viceversa, asegur\u00f3.<\/p>\n<p style=\"text-align: justify;\">Denunci\u00f3 que la imposici\u00f3n de medidas econ\u00f3micas coercitivas por parte de Occidente no es el m\u00e9todo apropiado para las relaciones entre pa\u00edses, y estas medidas han exacerbado el sufrimiento del pueblo sirio y deben ser levantadas.<\/p>\n<p style=\"text-align: justify;\">&#8220;La presencia de Siria de nuevo en las instituciones de la Liga \u00c1rabe reforzar\u00e1 el peso de la acci\u00f3n \u00e1rabe y dar\u00e1 esperanzas a los pueblos de que estamos unidos para hacer frente a los desaf\u00edos&#8221;, concluy\u00f3.<\/p>\n<p style=\"text-align: justify;\">El ministro de Asuntos Exteriores y Expatriados de Siria, Faisal Al-Mekdad, comenz\u00f3 una visita oficial a Iraq respondiendo a una invitaci\u00f3n de su hom\u00f3logo iraqu\u00ed, Fuad Hussein.<\/p>\n<p style=\"text-align: justify;\">Durante la visita, el canciller sostendr\u00e1 conversaciones con los l\u00edderes y altos funcionarios iraqu\u00edes con el objetivo de desarrollar las relaciones bilaterales entre los dos pa\u00edses.<\/p>\n<p style=\"text-align: justify;\">fm\/as<\/p>\n","protected":false},"excerpt":{"rendered":"<p>Bagdad, 4 jun (SANA) Los ministros de Asuntos Exteriores de Siria, Faisal Al-Mekedad, y de Iraq, Fouad Hussein, sostuvieron hoy una rueda de prensa en la sede de la Canciller\u00eda iraqu\u00ed en Bagdad, la capital iraqu\u00ed, tras concluir una sesi\u00f3n de conversaciones oficiales. Canciller iraqu\u00ed: nuestra posici\u00f3n es firme de apoyo a Siria \u201cLas relaciones &hellip;<\/p>\n","protected":false},"author":42,"featured_media":299633,"comment_status":"closed","ping_status":"closed","sticky":false,"template":"","format":"standard","meta":{"footnotes":""},"categories":[597,20724,467,7541],"tags":[],"class_list":["post-299619","post","type-post","status-publish","format-standard","has-post-thumbnail","","category-cinta-de-noticias","category-minuto-a-minuto","category-siria-y-el-mundo","category-ultimas-noticias"],"_links":{"self":[{"href":"https:\/\/archive.sana.sy\/es\/index.php?rest_route=\/wp\/v2\/posts\/299619"}],"collection":[{"href":"https:\/\/archive.sana.sy\/es\/index.php?rest_route=\/wp\/v2\/posts"}],"about":[{"href":"https:\/\/archive.sana.sy\/es\/index.php?rest_route=\/wp\/v2\/types\/post"}],"author":[{"embeddable":true,"href":"https:\/\/archive.sana.sy\/es\/index.php?rest_route=\/wp\/v2\/users\/42"}],"replies":[{"embeddable":true,"href":"https:\/\/archive.sana.sy\/es\/index.php?rest_route=%2Fwp%2Fv2%2Fcomments&post=299619"}],"version-history":[{"count":5,"href":"https:\/\/archive.sana.sy\/es\/index.php?rest_route=\/wp\/v2\/posts\/299619\/revisions"}],"predecessor-version":[{"id":299631,"href":"https:\/\/archive.sana.sy\/es\/index.php?rest_route=\/wp\/v2\/posts\/299619\/revisions\/299631"}],"wp:featuredmedia":[{"embeddable":true,"href":"https:\/\/archive.sana.sy\/es\/index.php?rest_route=\/wp\/v2\/media\/299633"}],"wp:attachment":[{"href":"https:\/\/archive.sana.sy\/es\/index.php?rest_route=%2Fwp%2Fv2%2Fmedia&parent=299619"}],"wp:term":[{"taxonomy":"category","embeddable":true,"href":"https:\/\/archive.sana.sy\/es\/index.php?rest_route=%2Fwp%2Fv2%2Fcategories&post=299619"},{"taxonomy":"post_tag","embeddable":true,"href":"https:\/\/archive.sana.sy\/es\/index.php?rest_route=%2Fwp%2Fv2%2Ftags&post=299619"}],"curies":[{"name":"wp","href":"https:\/\/api.w.org\/{rel}","templated":true}]}}