{"id":299655,"date":"2023-06-04T18:14:47","date_gmt":"2023-06-04T15:14:47","guid":{"rendered":"https:\/\/sana.sy\/es\/?p=299655"},"modified":"2023-06-04T18:14:47","modified_gmt":"2023-06-04T15:14:47","slug":"complicidad-internacional-contra-palestina-consagra-la-ley-de-la-selva-afirma-cancilleria-palestina","status":"publish","type":"post","link":"https:\/\/archive.sana.sy\/es\/?p=299655","title":{"rendered":"Complicidad internacional contra Palestina consagra la ley de la selva, afirma Canciller\u00eda palestina"},"content":{"rendered":"<p style=\"text-align: justify;\"><span style=\"color: #800000;\"><strong>Jerusal\u00e9n ocupado, 04 jun (SANA)<\/strong> <\/span>El Ministerio de Relaciones Exteriores palestino afirm\u00f3 hoy que el Consejo de Seguridad no est\u00e1 asumiendo sus responsabilidades y funciones hacia el pueblo palestino y emite decisiones que no se implementan, lo cual debilita la credibilidad de las Naciones Unidas y consagra la ley de la selva como sustituto a las normas del derecho internacional.<\/p>\n<p style=\"text-align: justify;\">En un comunicado difundido por la agencia WAFA, la Canciller\u00eda palestina indic\u00f3 que las autoridades israel\u00edes aprovechan el doble rasero internacional y no les importa las reacciones internacionales porque saben que no hay rendici\u00f3n de cuentas.<\/p>\n<p style=\"text-align: justify;\">Tambi\u00e9n conden\u00f3 los cr\u00edmenes del ocupante israel\u00ed contra los palestinos y se\u00f1al\u00f3 que el ocupante israel\u00ed trata de aplicar sus planes coloniales anexando a Jerusal\u00e9n oriental y el resto de la Ribera Occidental.<\/p>\n<p style=\"text-align: justify;\">as\/fm<\/p>\n","protected":false},"excerpt":{"rendered":"<p>Jerusal\u00e9n ocupado, 04 jun (SANA) El Ministerio de Relaciones Exteriores palestino afirm\u00f3 hoy que el Consejo de Seguridad no est\u00e1 asumiendo sus responsabilidades y funciones hacia el pueblo palestino y emite decisiones que no se implementan, lo cual debilita la credibilidad de las Naciones Unidas y consagra la ley de la selva como sustituto a &hellip;<\/p>\n","protected":false},"author":42,"featured_media":299656,"comment_status":"closed","ping_status":"closed","sticky":false,"template":"","format":"standard","meta":{"footnotes":""},"categories":[456,16687,20724],"tags":[],"class_list":["post-299655","post","type-post","status-publish","format-standard","has-post-thumbnail","","category-arabe-internacional-politica","category-internacionales","category-minuto-a-minuto"],"_links":{"self":[{"href":"https:\/\/archive.sana.sy\/es\/index.php?rest_route=\/wp\/v2\/posts\/299655"}],"collection":[{"href":"https:\/\/archive.sana.sy\/es\/index.php?rest_route=\/wp\/v2\/posts"}],"about":[{"href":"https:\/\/archive.sana.sy\/es\/index.php?rest_route=\/wp\/v2\/types\/post"}],"author":[{"embeddable":true,"href":"https:\/\/archive.sana.sy\/es\/index.php?rest_route=\/wp\/v2\/users\/42"}],"replies":[{"embeddable":true,"href":"https:\/\/archive.sana.sy\/es\/index.php?rest_route=%2Fwp%2Fv2%2Fcomments&post=299655"}],"version-history":[{"count":1,"href":"https:\/\/archive.sana.sy\/es\/index.php?rest_route=\/wp\/v2\/posts\/299655\/revisions"}],"predecessor-version":[{"id":299657,"href":"https:\/\/archive.sana.sy\/es\/index.php?rest_route=\/wp\/v2\/posts\/299655\/revisions\/299657"}],"wp:featuredmedia":[{"embeddable":true,"href":"https:\/\/archive.sana.sy\/es\/index.php?rest_route=\/wp\/v2\/media\/299656"}],"wp:attachment":[{"href":"https:\/\/archive.sana.sy\/es\/index.php?rest_route=%2Fwp%2Fv2%2Fmedia&parent=299655"}],"wp:term":[{"taxonomy":"category","embeddable":true,"href":"https:\/\/archive.sana.sy\/es\/index.php?rest_route=%2Fwp%2Fv2%2Fcategories&post=299655"},{"taxonomy":"post_tag","embeddable":true,"href":"https:\/\/archive.sana.sy\/es\/index.php?rest_route=%2Fwp%2Fv2%2Ftags&post=299655"}],"curies":[{"name":"wp","href":"https:\/\/api.w.org\/{rel}","templated":true}]}}