{"id":299658,"date":"2023-06-04T18:19:01","date_gmt":"2023-06-04T15:19:01","guid":{"rendered":"https:\/\/sana.sy\/es\/?p=299658"},"modified":"2023-06-04T18:19:41","modified_gmt":"2023-06-04T15:19:41","slug":"defensa-rusa-derriba-nueve-drones-ucranianas-en-crimea","status":"publish","type":"post","link":"https:\/\/archive.sana.sy\/es\/?p=299658","title":{"rendered":"Defensa rusa derriba nueve drones ucranianas en Crimea"},"content":{"rendered":"<p style=\"text-align: justify;\"><span style=\"color: #800000;\"><strong>Mosc\u00fa, 04 jun (SANA) <\/strong><\/span>Las defensas rusas en la pen\u00ednsula rusa de Crimea derribaron cinco drones ucranianos.<\/p>\n<p style=\"text-align: justify;\">\u201cDurante la noche pasada, las fuerzas de defensa a\u00e9rea rusas derribaron cinco drones enemigos y neutralizaron a otros cuatro mediante aparatos de guerra electr\u00f3nica\u201d, dijo el presidente de la Rep\u00fablica de Crimea, Sergei Aksyonov, citado por la agencia de noticias TASS.<\/p>\n<p style=\"text-align: justify;\">Aksionov se\u00f1al\u00f3 que como resultado de la ca\u00edda de uno de los drones, se rompieron los vidrios en tres viviendas, y se encontr\u00f3 un dron sin explotar en una vivienda.<\/p>\n<p style=\"text-align: justify;\">as\/fm<\/p>\n","protected":false},"excerpt":{"rendered":"<p>Mosc\u00fa, 04 jun (SANA) Las defensas rusas en la pen\u00ednsula rusa de Crimea derribaron cinco drones ucranianos. \u201cDurante la noche pasada, las fuerzas de defensa a\u00e9rea rusas derribaron cinco drones enemigos y neutralizaron a otros cuatro mediante aparatos de guerra electr\u00f3nica\u201d, dijo el presidente de la Rep\u00fablica de Crimea, Sergei Aksyonov, citado por la agencia &hellip;<\/p>\n","protected":false},"author":42,"featured_media":299659,"comment_status":"closed","ping_status":"closed","sticky":false,"template":"","format":"standard","meta":{"footnotes":""},"categories":[456,16687,20724],"tags":[],"class_list":["post-299658","post","type-post","status-publish","format-standard","has-post-thumbnail","","category-arabe-internacional-politica","category-internacionales","category-minuto-a-minuto"],"_links":{"self":[{"href":"https:\/\/archive.sana.sy\/es\/index.php?rest_route=\/wp\/v2\/posts\/299658"}],"collection":[{"href":"https:\/\/archive.sana.sy\/es\/index.php?rest_route=\/wp\/v2\/posts"}],"about":[{"href":"https:\/\/archive.sana.sy\/es\/index.php?rest_route=\/wp\/v2\/types\/post"}],"author":[{"embeddable":true,"href":"https:\/\/archive.sana.sy\/es\/index.php?rest_route=\/wp\/v2\/users\/42"}],"replies":[{"embeddable":true,"href":"https:\/\/archive.sana.sy\/es\/index.php?rest_route=%2Fwp%2Fv2%2Fcomments&post=299658"}],"version-history":[{"count":1,"href":"https:\/\/archive.sana.sy\/es\/index.php?rest_route=\/wp\/v2\/posts\/299658\/revisions"}],"predecessor-version":[{"id":299660,"href":"https:\/\/archive.sana.sy\/es\/index.php?rest_route=\/wp\/v2\/posts\/299658\/revisions\/299660"}],"wp:featuredmedia":[{"embeddable":true,"href":"https:\/\/archive.sana.sy\/es\/index.php?rest_route=\/wp\/v2\/media\/299659"}],"wp:attachment":[{"href":"https:\/\/archive.sana.sy\/es\/index.php?rest_route=%2Fwp%2Fv2%2Fmedia&parent=299658"}],"wp:term":[{"taxonomy":"category","embeddable":true,"href":"https:\/\/archive.sana.sy\/es\/index.php?rest_route=%2Fwp%2Fv2%2Fcategories&post=299658"},{"taxonomy":"post_tag","embeddable":true,"href":"https:\/\/archive.sana.sy\/es\/index.php?rest_route=%2Fwp%2Fv2%2Ftags&post=299658"}],"curies":[{"name":"wp","href":"https:\/\/api.w.org\/{rel}","templated":true}]}}