{"id":299661,"date":"2023-06-04T18:27:56","date_gmt":"2023-06-04T15:27:56","guid":{"rendered":"https:\/\/sana.sy\/es\/?p=299661"},"modified":"2023-06-04T18:27:56","modified_gmt":"2023-06-04T15:27:56","slug":"colonos-se-apoderan-de-tierras-palestinas-al-oeste-de-salfit","status":"publish","type":"post","link":"https:\/\/archive.sana.sy\/es\/?p=299661","title":{"rendered":"Colonos se apoderan de tierras palestinas al oeste de Salfit"},"content":{"rendered":"<p style=\"text-align: justify;\"><span style=\"color: #800000;\"><strong>Jerusal\u00e9n ocupada , 04 jun (SANA) <\/strong><\/span>Las colonos israel\u00edes se apoderaron de terrenos agr\u00edcolas en el pueblo de Deir Ballut, al oeste de Salfit, en Cisjordania.<\/p>\n<p style=\"text-align: justify;\">El alcalde de Deir Ballut, Samir Nimer, declar\u00f3 a la agencia de noticias palestina Wafa, que decenas de colonos asaltaron la localidad de Deir Daqla, al sur de la ciudad, y se apoderaron de franjas de tierras.<\/p>\n<p style=\"text-align: justify;\">La v\u00edspera, los colonos israel\u00edes se apoderaron de tierra en localidad de Khirbet Shehadeh en la ciudad de Deir Istiya, al oeste de Salfit.<\/p>\n<p style=\"text-align: justify;\">as\/fm<\/p>\n","protected":false},"excerpt":{"rendered":"<p>Jerusal\u00e9n ocupada , 04 jun (SANA) Las colonos israel\u00edes se apoderaron de terrenos agr\u00edcolas en el pueblo de Deir Ballut, al oeste de Salfit, en Cisjordania. El alcalde de Deir Ballut, Samir Nimer, declar\u00f3 a la agencia de noticias palestina Wafa, que decenas de colonos asaltaron la localidad de Deir Daqla, al sur de la &hellip;<\/p>\n","protected":false},"author":42,"featured_media":299662,"comment_status":"closed","ping_status":"closed","sticky":false,"template":"","format":"standard","meta":{"footnotes":""},"categories":[456,16687],"tags":[],"class_list":["post-299661","post","type-post","status-publish","format-standard","has-post-thumbnail","","category-arabe-internacional-politica","category-internacionales"],"_links":{"self":[{"href":"https:\/\/archive.sana.sy\/es\/index.php?rest_route=\/wp\/v2\/posts\/299661"}],"collection":[{"href":"https:\/\/archive.sana.sy\/es\/index.php?rest_route=\/wp\/v2\/posts"}],"about":[{"href":"https:\/\/archive.sana.sy\/es\/index.php?rest_route=\/wp\/v2\/types\/post"}],"author":[{"embeddable":true,"href":"https:\/\/archive.sana.sy\/es\/index.php?rest_route=\/wp\/v2\/users\/42"}],"replies":[{"embeddable":true,"href":"https:\/\/archive.sana.sy\/es\/index.php?rest_route=%2Fwp%2Fv2%2Fcomments&post=299661"}],"version-history":[{"count":1,"href":"https:\/\/archive.sana.sy\/es\/index.php?rest_route=\/wp\/v2\/posts\/299661\/revisions"}],"predecessor-version":[{"id":299663,"href":"https:\/\/archive.sana.sy\/es\/index.php?rest_route=\/wp\/v2\/posts\/299661\/revisions\/299663"}],"wp:featuredmedia":[{"embeddable":true,"href":"https:\/\/archive.sana.sy\/es\/index.php?rest_route=\/wp\/v2\/media\/299662"}],"wp:attachment":[{"href":"https:\/\/archive.sana.sy\/es\/index.php?rest_route=%2Fwp%2Fv2%2Fmedia&parent=299661"}],"wp:term":[{"taxonomy":"category","embeddable":true,"href":"https:\/\/archive.sana.sy\/es\/index.php?rest_route=%2Fwp%2Fv2%2Fcategories&post=299661"},{"taxonomy":"post_tag","embeddable":true,"href":"https:\/\/archive.sana.sy\/es\/index.php?rest_route=%2Fwp%2Fv2%2Ftags&post=299661"}],"curies":[{"name":"wp","href":"https:\/\/api.w.org\/{rel}","templated":true}]}}