{"id":299664,"date":"2023-06-04T18:48:26","date_gmt":"2023-06-04T15:48:26","guid":{"rendered":"http:\/\/sana.sy\/es\/?p=299664"},"modified":"2023-06-04T19:08:00","modified_gmt":"2023-06-04T16:08:00","slug":"presidente-de-iraq-recibe-a-canciller-sirio","status":"publish","type":"post","link":"https:\/\/archive.sana.sy\/es\/?p=299664","title":{"rendered":"Presidente de Iraq recibe a Canciller sirio"},"content":{"rendered":"<p style=\"text-align: justify;\"><span style=\"color: #800000;\"><strong>Bagdad, 4 jun (SANA)\u00a0<\/strong> <\/span>\u00a0El presidente iraqu\u00ed Abdul Latif Jamal Rashid, subray\u00f3 la importancia de continuar la consulta y coordinaci\u00f3n entre Damasco y Bagdad sobre temas de inter\u00e9s com\u00fan en los \u00e1mbitos regional e internacional, y llam\u00f3 a impulsar las relaciones entre los dos pa\u00edses en varios campos en beneficio de los dos pueblos hermanos.<\/p>\n<p style=\"text-align: justify;\">Esta postura del mandatario iraqu\u00ed fue expresada durante su recibimiento al ministro de Asuntos Exteriores y Expatriados, Faisal Al-Mekdad, quien le transmiti\u00f3 los saludos del presidente Bashar Al-Assad.<\/p>\n<p style=\"text-align: justify;\">El jefe de Estado destac\u00f3 la importancia de la cooperaci\u00f3n entre los dos pa\u00edses en la persecuci\u00f3n de los remanentes del terrorismo y controlar las fronteras de una manera que consolide la seguridad y la estabilidad.<\/p>\n<p style=\"text-align: justify;\">Por su parte, el ministro Al-Mekdad valor\u00f3 las posturas de Iraq hacia Siria y su notable papel diplom\u00e1tico para retomar su participaci\u00f3n en las reuniones de la Liga \u00c1rabe.<\/p>\n<p style=\"text-align: justify;\">Siria aspira a fortalecer las relaciones fraternales y la labor conjunta para enfrentar el terrorismo y promover el intercambio econ\u00f3mico y comercial, dijo el jefe de la diplomacia.<\/p>\n<p style=\"text-align: justify;\">Expres\u00f3 su felicidad por los importantes acontecimientos en Iraq a nivel pol\u00edtico, de fomento y de seguridad, y destac\u00f3 el papel positivo y claro de Bagdad para ayudar a Siria, especialmente durante el per\u00edodo del desastre del terremoto.<\/p>\n<p style=\"text-align: justify;\">fm\/rr<\/p>\n","protected":false},"excerpt":{"rendered":"<p>Bagdad, 4 jun (SANA)\u00a0 \u00a0El presidente iraqu\u00ed Abdul Latif Jamal Rashid, subray\u00f3 la importancia de continuar la consulta y coordinaci\u00f3n entre Damasco y Bagdad sobre temas de inter\u00e9s com\u00fan en los \u00e1mbitos regional e internacional, y llam\u00f3 a impulsar las relaciones entre los dos pa\u00edses en varios campos en beneficio de los dos pueblos hermanos. &hellip;<\/p>\n","protected":false},"author":31,"featured_media":299665,"comment_status":"closed","ping_status":"closed","sticky":false,"template":"","format":"standard","meta":{"footnotes":""},"categories":[597,467,583],"tags":[5835,6553],"class_list":["post-299664","post","type-post","status-publish","format-standard","has-post-thumbnail","","category-cinta-de-noticias","category-siria-y-el-mundo","category-slide","tag-iraq","tag-siria"],"_links":{"self":[{"href":"https:\/\/archive.sana.sy\/es\/index.php?rest_route=\/wp\/v2\/posts\/299664"}],"collection":[{"href":"https:\/\/archive.sana.sy\/es\/index.php?rest_route=\/wp\/v2\/posts"}],"about":[{"href":"https:\/\/archive.sana.sy\/es\/index.php?rest_route=\/wp\/v2\/types\/post"}],"author":[{"embeddable":true,"href":"https:\/\/archive.sana.sy\/es\/index.php?rest_route=\/wp\/v2\/users\/31"}],"replies":[{"embeddable":true,"href":"https:\/\/archive.sana.sy\/es\/index.php?rest_route=%2Fwp%2Fv2%2Fcomments&post=299664"}],"version-history":[{"count":2,"href":"https:\/\/archive.sana.sy\/es\/index.php?rest_route=\/wp\/v2\/posts\/299664\/revisions"}],"predecessor-version":[{"id":299667,"href":"https:\/\/archive.sana.sy\/es\/index.php?rest_route=\/wp\/v2\/posts\/299664\/revisions\/299667"}],"wp:featuredmedia":[{"embeddable":true,"href":"https:\/\/archive.sana.sy\/es\/index.php?rest_route=\/wp\/v2\/media\/299665"}],"wp:attachment":[{"href":"https:\/\/archive.sana.sy\/es\/index.php?rest_route=%2Fwp%2Fv2%2Fmedia&parent=299664"}],"wp:term":[{"taxonomy":"category","embeddable":true,"href":"https:\/\/archive.sana.sy\/es\/index.php?rest_route=%2Fwp%2Fv2%2Fcategories&post=299664"},{"taxonomy":"post_tag","embeddable":true,"href":"https:\/\/archive.sana.sy\/es\/index.php?rest_route=%2Fwp%2Fv2%2Ftags&post=299664"}],"curies":[{"name":"wp","href":"https:\/\/api.w.org\/{rel}","templated":true}]}}