{"id":299736,"date":"2023-06-05T11:50:07","date_gmt":"2023-06-05T08:50:07","guid":{"rendered":"https:\/\/sana.sy\/es\/?p=299736"},"modified":"2023-06-05T11:51:46","modified_gmt":"2023-06-05T08:51:46","slug":"coro-nacional-de-libano-canta-en-opera-de-damasco-fotos","status":"publish","type":"post","link":"https:\/\/archive.sana.sy\/es\/?p=299736","title":{"rendered":"Coro Nacional de L\u00edbano canta en \u00d3pera de Damasco (+ fotos)"},"content":{"rendered":"<p style=\"text-align: justify;\"><span style=\"color: #800000;\"><strong>Damasco, 6 jun (SANA)\u00a0<\/strong><\/span> \u00a0Despu\u00e9s de m\u00e1s que 13 a\u00f1os, el Coro Nacional de L\u00edbano \u201cAl-Fayha\u201d dirigido por el maestro Berkeev Teslakian, vuelve a reanudar sus conciertos y veladas musicales Damasco, la capital del amor y la paz.<\/p>\n<p style=\"text-align: justify;\">Los m\u00fasicos y coristas interpretaron en la \u00d3pera de Damasco canciones clasicas y tradicionales inspiradas del patrimonio de Damasco y Alepo.<\/p>\n<p style=\"text-align: justify;\">La parte m\u00e1s emotiva de la velada fue la interpretaci\u00f3n de antiguas canciones de veteranos cantantes \u00e1rabes y armenios.<\/p>\n<p style=\"text-align: justify;\"><img loading=\"lazy\" decoding=\"async\" class=\"size-medium wp-image-299739 alignright\" src=\"http:\/\/sana.sy\/es\/wp-content\/uploads\/2023\/06\/DSC_9389-300x177.jpg\" alt=\"\" width=\"300\" height=\"177\" srcset=\"https:\/\/archive.sana.sy\/es\/wp-content\/uploads\/2023\/06\/DSC_9389-300x177.jpg 300w, https:\/\/archive.sana.sy\/es\/wp-content\/uploads\/2023\/06\/DSC_9389-150x89.jpg 150w, https:\/\/archive.sana.sy\/es\/wp-content\/uploads\/2023\/06\/DSC_9389.jpg 660w\" sizes=\"(max-width: 300px) 100vw, 300px\" \/>La ministra siria de Cultura, Lubana Mushouh elogi\u00f3 la destacada actuaci\u00f3n del Coro que con sus voces presentan un arte noble y decente.<\/p>\n<p style=\"text-align: justify;\">\u201cVinimos a Siria, pa\u00eds que significa mucho para nosotros\u201d, dijo el ministro liban\u00e9s de Cultura, Muhammad Wissam Al-Mortada.<\/p>\n<p style=\"text-align: justify;\">En el mismo contexto, el maestro Berkeev Teslakian expres\u00f3 su felicidad por cantar frente a la audiencia siria luego de una larga ausencia.<\/p>\n<p style=\"text-align: justify;\"><img loading=\"lazy\" decoding=\"async\" class=\"size-medium wp-image-299740 alignright\" src=\"http:\/\/sana.sy\/es\/wp-content\/uploads\/2023\/06\/DSC_9373-300x192.jpg\" alt=\"\" width=\"300\" height=\"192\" srcset=\"https:\/\/archive.sana.sy\/es\/wp-content\/uploads\/2023\/06\/DSC_9373-300x192.jpg 300w, https:\/\/archive.sana.sy\/es\/wp-content\/uploads\/2023\/06\/DSC_9373-150x96.jpg 150w, https:\/\/archive.sana.sy\/es\/wp-content\/uploads\/2023\/06\/DSC_9373.jpg 660w\" sizes=\"(max-width: 300px) 100vw, 300px\" \/>El Coro Al-Fayhaa es el primero en el mundo en interpretar m\u00fasica \u00e1rabe a cappella, que se basa en dos pilares principales: el canto sin m\u00fasica y la interpretaci\u00f3n colectiva adem\u00e1s de interpretar piezas en idiomas internacionales como armenio, ingl\u00e9s y otros.<\/p>\n<p style=\"text-align: justify;\"><em><strong>ws\/fm<\/strong><\/em><\/p>\n","protected":false},"excerpt":{"rendered":"<p>Damasco, 6 jun (SANA)\u00a0 \u00a0Despu\u00e9s de m\u00e1s que 13 a\u00f1os, el Coro Nacional de L\u00edbano \u201cAl-Fayha\u201d dirigido por el maestro Berkeev Teslakian, vuelve a reanudar sus conciertos y veladas musicales Damasco, la capital del amor y la paz. Los m\u00fasicos y coristas interpretaron en la \u00d3pera de Damasco canciones clasicas y tradicionales inspiradas del patrimonio &hellip;<\/p>\n","protected":false},"author":35,"featured_media":299737,"comment_status":"closed","ping_status":"closed","sticky":false,"template":"","format":"standard","meta":{"footnotes":""},"categories":[597,510,476,7541],"tags":[],"class_list":["post-299736","post","type-post","status-publish","format-standard","has-post-thumbnail","","category-cinta-de-noticias","category-arte-y-cultura","category-locales","category-ultimas-noticias"],"_links":{"self":[{"href":"https:\/\/archive.sana.sy\/es\/index.php?rest_route=\/wp\/v2\/posts\/299736"}],"collection":[{"href":"https:\/\/archive.sana.sy\/es\/index.php?rest_route=\/wp\/v2\/posts"}],"about":[{"href":"https:\/\/archive.sana.sy\/es\/index.php?rest_route=\/wp\/v2\/types\/post"}],"author":[{"embeddable":true,"href":"https:\/\/archive.sana.sy\/es\/index.php?rest_route=\/wp\/v2\/users\/35"}],"replies":[{"embeddable":true,"href":"https:\/\/archive.sana.sy\/es\/index.php?rest_route=%2Fwp%2Fv2%2Fcomments&post=299736"}],"version-history":[{"count":3,"href":"https:\/\/archive.sana.sy\/es\/index.php?rest_route=\/wp\/v2\/posts\/299736\/revisions"}],"predecessor-version":[{"id":299743,"href":"https:\/\/archive.sana.sy\/es\/index.php?rest_route=\/wp\/v2\/posts\/299736\/revisions\/299743"}],"wp:featuredmedia":[{"embeddable":true,"href":"https:\/\/archive.sana.sy\/es\/index.php?rest_route=\/wp\/v2\/media\/299737"}],"wp:attachment":[{"href":"https:\/\/archive.sana.sy\/es\/index.php?rest_route=%2Fwp%2Fv2%2Fmedia&parent=299736"}],"wp:term":[{"taxonomy":"category","embeddable":true,"href":"https:\/\/archive.sana.sy\/es\/index.php?rest_route=%2Fwp%2Fv2%2Fcategories&post=299736"},{"taxonomy":"post_tag","embeddable":true,"href":"https:\/\/archive.sana.sy\/es\/index.php?rest_route=%2Fwp%2Fv2%2Ftags&post=299736"}],"curies":[{"name":"wp","href":"https:\/\/api.w.org\/{rel}","templated":true}]}}