{"id":299747,"date":"2023-06-05T13:39:38","date_gmt":"2023-06-05T10:39:38","guid":{"rendered":"http:\/\/sana.sy\/es\/?p=299747"},"modified":"2023-06-05T13:40:18","modified_gmt":"2023-06-05T10:40:18","slug":"acto-de-solidaridad-con-los-priosioneros-palestinos-en-las-carceles-israelies","status":"publish","type":"post","link":"https:\/\/archive.sana.sy\/es\/?p=299747","title":{"rendered":"Acto de solidaridad con los priosioneros palestinos en las c\u00e1rceles israel\u00edes"},"content":{"rendered":"<p style=\"text-align: justify;\"><span style=\"color: #800000;\"><strong>Damasco, 5 jun (SANA)<\/strong><\/span>\u00a0 Un acto de protesta tuvo lugar hoy frente a la sede del Comit\u00e9 Internacional de la Cruz Roja en Damasco, para exigir la liberaci\u00f3n del preso palestino Walid Daqqa y otros presos que padecen graves enfermedades, en las prisiones del ocupante israel\u00ed.<\/p>\n<p style=\"text-align: justify;\"><strong><em>Nota en desarrollo..<\/em><\/strong><\/p>\n<div id='gallery-1' class='gallery galleryid-299747 gallery-columns-1 gallery-size-full'><figure class='gallery-item'>\n\t\t\t<div class='gallery-icon landscape'>\n\t\t\t\t<a href='https:\/\/archive.sana.sy\/es\/wp-content\/uploads\/2023\/06\/photo_2023-06-05_13-09-08.jpg'><img loading=\"lazy\" decoding=\"async\" width=\"1280\" height=\"719\" src=\"https:\/\/archive.sana.sy\/es\/wp-content\/uploads\/2023\/06\/photo_2023-06-05_13-09-08.jpg\" class=\"attachment-full size-full\" alt=\"\" srcset=\"https:\/\/archive.sana.sy\/es\/wp-content\/uploads\/2023\/06\/photo_2023-06-05_13-09-08.jpg 1280w, https:\/\/archive.sana.sy\/es\/wp-content\/uploads\/2023\/06\/photo_2023-06-05_13-09-08-300x169.jpg 300w, https:\/\/archive.sana.sy\/es\/wp-content\/uploads\/2023\/06\/photo_2023-06-05_13-09-08-1024x575.jpg 1024w, https:\/\/archive.sana.sy\/es\/wp-content\/uploads\/2023\/06\/photo_2023-06-05_13-09-08-150x84.jpg 150w, https:\/\/archive.sana.sy\/es\/wp-content\/uploads\/2023\/06\/photo_2023-06-05_13-09-08-768x431.jpg 768w\" sizes=\"(max-width: 1280px) 100vw, 1280px\" \/><\/a>\n\t\t\t<\/div><\/figure><figure class='gallery-item'>\n\t\t\t<div class='gallery-icon landscape'>\n\t\t\t\t<a href='https:\/\/archive.sana.sy\/es\/wp-content\/uploads\/2023\/06\/photo_2023-06-05_13-09-07-1.jpg'><img loading=\"lazy\" decoding=\"async\" width=\"1280\" height=\"720\" src=\"https:\/\/archive.sana.sy\/es\/wp-content\/uploads\/2023\/06\/photo_2023-06-05_13-09-07-1.jpg\" class=\"attachment-full size-full\" alt=\"\" srcset=\"https:\/\/archive.sana.sy\/es\/wp-content\/uploads\/2023\/06\/photo_2023-06-05_13-09-07-1.jpg 1280w, https:\/\/archive.sana.sy\/es\/wp-content\/uploads\/2023\/06\/photo_2023-06-05_13-09-07-1-300x169.jpg 300w, https:\/\/archive.sana.sy\/es\/wp-content\/uploads\/2023\/06\/photo_2023-06-05_13-09-07-1-1024x576.jpg 1024w, https:\/\/archive.sana.sy\/es\/wp-content\/uploads\/2023\/06\/photo_2023-06-05_13-09-07-1-150x84.jpg 150w, https:\/\/archive.sana.sy\/es\/wp-content\/uploads\/2023\/06\/photo_2023-06-05_13-09-07-1-768x432.jpg 768w\" sizes=\"(max-width: 1280px) 100vw, 1280px\" \/><\/a>\n\t\t\t<\/div><\/figure>\n\t\t<\/div>\n\n<p style=\"text-align: justify;\">fm\/ed<\/p>\n","protected":false},"excerpt":{"rendered":"<p>Damasco, 5 jun (SANA)\u00a0 Un acto de protesta tuvo lugar hoy frente a la sede del Comit\u00e9 Internacional de la Cruz Roja en Damasco, para exigir la liberaci\u00f3n del preso palestino Walid Daqqa y otros presos que padecen graves enfermedades, en las prisiones del ocupante israel\u00ed. Nota en desarrollo.. fm\/ed<\/p>\n","protected":false},"author":32,"featured_media":299748,"comment_status":"closed","ping_status":"closed","sticky":false,"template":"","format":"standard","meta":{"footnotes":""},"categories":[477,447,597,476,7541],"tags":[],"class_list":["post-299747","post","type-post","status-publish","format-standard","has-post-thumbnail","","category-noticias-edulcorantes","category-local-politica","category-cinta-de-noticias","category-locales","category-ultimas-noticias"],"_links":{"self":[{"href":"https:\/\/archive.sana.sy\/es\/index.php?rest_route=\/wp\/v2\/posts\/299747"}],"collection":[{"href":"https:\/\/archive.sana.sy\/es\/index.php?rest_route=\/wp\/v2\/posts"}],"about":[{"href":"https:\/\/archive.sana.sy\/es\/index.php?rest_route=\/wp\/v2\/types\/post"}],"author":[{"embeddable":true,"href":"https:\/\/archive.sana.sy\/es\/index.php?rest_route=\/wp\/v2\/users\/32"}],"replies":[{"embeddable":true,"href":"https:\/\/archive.sana.sy\/es\/index.php?rest_route=%2Fwp%2Fv2%2Fcomments&post=299747"}],"version-history":[{"count":3,"href":"https:\/\/archive.sana.sy\/es\/index.php?rest_route=\/wp\/v2\/posts\/299747\/revisions"}],"predecessor-version":[{"id":299753,"href":"https:\/\/archive.sana.sy\/es\/index.php?rest_route=\/wp\/v2\/posts\/299747\/revisions\/299753"}],"wp:featuredmedia":[{"embeddable":true,"href":"https:\/\/archive.sana.sy\/es\/index.php?rest_route=\/wp\/v2\/media\/299748"}],"wp:attachment":[{"href":"https:\/\/archive.sana.sy\/es\/index.php?rest_route=%2Fwp%2Fv2%2Fmedia&parent=299747"}],"wp:term":[{"taxonomy":"category","embeddable":true,"href":"https:\/\/archive.sana.sy\/es\/index.php?rest_route=%2Fwp%2Fv2%2Fcategories&post=299747"},{"taxonomy":"post_tag","embeddable":true,"href":"https:\/\/archive.sana.sy\/es\/index.php?rest_route=%2Fwp%2Fv2%2Ftags&post=299747"}],"curies":[{"name":"wp","href":"https:\/\/api.w.org\/{rel}","templated":true}]}}