{"id":299772,"date":"2023-06-05T15:29:52","date_gmt":"2023-06-05T12:29:52","guid":{"rendered":"http:\/\/sana.sy\/es\/?p=299772"},"modified":"2023-06-05T15:29:52","modified_gmt":"2023-06-05T12:29:52","slug":"las-fuerzas-de-ocupacion-arrestan-a-22-palestinos-en-cisjordania","status":"publish","type":"post","link":"https:\/\/archive.sana.sy\/es\/?p=299772","title":{"rendered":"Las fuerzas de ocupaci\u00f3n arrestan a 22 palestinos en Cisjordania"},"content":{"rendered":"<p style=\"text-align: justify;\"><span style=\"color: #800000;\"><strong>Jerusal\u00e9n ocupada, 05 jun (SANA)<\/strong><\/span>\u00a0 Las fuerzas de ocupaci\u00f3n israel\u00edes arrestaron hoy a 22 palestinos en diferentes partes de Cisjordania.<\/p>\n<p style=\"text-align: justify;\">Seg\u00fan informaron medios palestinos, las tropas sionistas asaltaron las ciudades de al-Mughayyir en Ramallah, Naqou en Bel\u00e9n, Rojib en Naplusa, Deir al-Ghusun en Tulkarem, y el campamento de Aqabat Jabr en Jeric\u00f3, donde arrestaron a 22 palestinos.<\/p>\n<p style=\"text-align: justify;\">Por otro lado, las fuerzas de ocupaci\u00f3n mantienen bloqueadas por 22 d\u00eda consecutivo las dos entradas principales de al-Mughayer e impiden que los ciudadanos entren o salgan.<\/p>\n<p style=\"text-align: justify;\">fm\/ed<\/p>\n","protected":false},"excerpt":{"rendered":"<p>Jerusal\u00e9n ocupada, 05 jun (SANA)\u00a0 Las fuerzas de ocupaci\u00f3n israel\u00edes arrestaron hoy a 22 palestinos en diferentes partes de Cisjordania. Seg\u00fan informaron medios palestinos, las tropas sionistas asaltaron las ciudades de al-Mughayyir en Ramallah, Naqou en Bel\u00e9n, Rojib en Naplusa, Deir al-Ghusun en Tulkarem, y el campamento de Aqabat Jabr en Jeric\u00f3, donde arrestaron a &hellip;<\/p>\n","protected":false},"author":32,"featured_media":299774,"comment_status":"closed","ping_status":"closed","sticky":false,"template":"","format":"standard","meta":{"footnotes":""},"categories":[597,456,16687,20724,7541],"tags":[],"class_list":["post-299772","post","type-post","status-publish","format-standard","has-post-thumbnail","","category-cinta-de-noticias","category-arabe-internacional-politica","category-internacionales","category-minuto-a-minuto","category-ultimas-noticias"],"_links":{"self":[{"href":"https:\/\/archive.sana.sy\/es\/index.php?rest_route=\/wp\/v2\/posts\/299772"}],"collection":[{"href":"https:\/\/archive.sana.sy\/es\/index.php?rest_route=\/wp\/v2\/posts"}],"about":[{"href":"https:\/\/archive.sana.sy\/es\/index.php?rest_route=\/wp\/v2\/types\/post"}],"author":[{"embeddable":true,"href":"https:\/\/archive.sana.sy\/es\/index.php?rest_route=\/wp\/v2\/users\/32"}],"replies":[{"embeddable":true,"href":"https:\/\/archive.sana.sy\/es\/index.php?rest_route=%2Fwp%2Fv2%2Fcomments&post=299772"}],"version-history":[{"count":1,"href":"https:\/\/archive.sana.sy\/es\/index.php?rest_route=\/wp\/v2\/posts\/299772\/revisions"}],"predecessor-version":[{"id":299775,"href":"https:\/\/archive.sana.sy\/es\/index.php?rest_route=\/wp\/v2\/posts\/299772\/revisions\/299775"}],"wp:featuredmedia":[{"embeddable":true,"href":"https:\/\/archive.sana.sy\/es\/index.php?rest_route=\/wp\/v2\/media\/299774"}],"wp:attachment":[{"href":"https:\/\/archive.sana.sy\/es\/index.php?rest_route=%2Fwp%2Fv2%2Fmedia&parent=299772"}],"wp:term":[{"taxonomy":"category","embeddable":true,"href":"https:\/\/archive.sana.sy\/es\/index.php?rest_route=%2Fwp%2Fv2%2Fcategories&post=299772"},{"taxonomy":"post_tag","embeddable":true,"href":"https:\/\/archive.sana.sy\/es\/index.php?rest_route=%2Fwp%2Fv2%2Ftags&post=299772"}],"curies":[{"name":"wp","href":"https:\/\/api.w.org\/{rel}","templated":true}]}}