{"id":299848,"date":"2023-06-06T10:07:07","date_gmt":"2023-06-06T07:07:07","guid":{"rendered":"http:\/\/sana.sy\/es\/?p=299848"},"modified":"2023-06-06T10:07:07","modified_gmt":"2023-06-06T07:07:07","slug":"defensas-aereas-rusas-derriban-un-misil-estadounidense-en-donetsk","status":"publish","type":"post","link":"https:\/\/archive.sana.sy\/es\/?p=299848","title":{"rendered":"Defensas a\u00e9reas rusas derriban un misil estadounidense en Donetsk"},"content":{"rendered":"<p style=\"text-align: justify;\"><span style=\"color: #800000;\"><strong>Mosc\u00fa, 06 jun (SANA) <\/strong><\/span>Las defensas antia\u00e9reas rusas derribaron un misil anti-radar estadounidense AGM-88 HARM sobre la Rep\u00fablica Popular de Donetsk.<\/p>\n<p style=\"text-align: justify;\">\u201cLas Fuerzas de Defensa A\u00e9rea derribaron un misil anti-radar AGM-88 Harm sobre la Rep\u00fablica Popular de Donetsk, y los restos del misil cayeron cerca de un comercio en la avenida Artium de la ciudad\u201d, inform\u00f3 el sitio web Russia Today citando la oficina de representaci\u00f3n de la Rep\u00fablica de Lugansk en el Centro Conjunto.<\/p>\n<p style=\"text-align: justify;\">Asimismo, un joven result\u00f3 herido durante los ataques ucranianos contra Donetsk.<\/p>\n<p style=\"text-align: justify;\">as\/fm<\/p>\n","protected":false},"excerpt":{"rendered":"<p>Mosc\u00fa, 06 jun (SANA) Las defensas antia\u00e9reas rusas derribaron un misil anti-radar estadounidense AGM-88 HARM sobre la Rep\u00fablica Popular de Donetsk. \u201cLas Fuerzas de Defensa A\u00e9rea derribaron un misil anti-radar AGM-88 Harm sobre la Rep\u00fablica Popular de Donetsk, y los restos del misil cayeron cerca de un comercio en la avenida Artium de la ciudad\u201d, &hellip;<\/p>\n","protected":false},"author":42,"featured_media":299849,"comment_status":"closed","ping_status":"closed","sticky":false,"template":"","format":"standard","meta":{"footnotes":""},"categories":[597,456,16687,20724,7541],"tags":[],"class_list":["post-299848","post","type-post","status-publish","format-standard","has-post-thumbnail","","category-cinta-de-noticias","category-arabe-internacional-politica","category-internacionales","category-minuto-a-minuto","category-ultimas-noticias"],"_links":{"self":[{"href":"https:\/\/archive.sana.sy\/es\/index.php?rest_route=\/wp\/v2\/posts\/299848"}],"collection":[{"href":"https:\/\/archive.sana.sy\/es\/index.php?rest_route=\/wp\/v2\/posts"}],"about":[{"href":"https:\/\/archive.sana.sy\/es\/index.php?rest_route=\/wp\/v2\/types\/post"}],"author":[{"embeddable":true,"href":"https:\/\/archive.sana.sy\/es\/index.php?rest_route=\/wp\/v2\/users\/42"}],"replies":[{"embeddable":true,"href":"https:\/\/archive.sana.sy\/es\/index.php?rest_route=%2Fwp%2Fv2%2Fcomments&post=299848"}],"version-history":[{"count":1,"href":"https:\/\/archive.sana.sy\/es\/index.php?rest_route=\/wp\/v2\/posts\/299848\/revisions"}],"predecessor-version":[{"id":299850,"href":"https:\/\/archive.sana.sy\/es\/index.php?rest_route=\/wp\/v2\/posts\/299848\/revisions\/299850"}],"wp:featuredmedia":[{"embeddable":true,"href":"https:\/\/archive.sana.sy\/es\/index.php?rest_route=\/wp\/v2\/media\/299849"}],"wp:attachment":[{"href":"https:\/\/archive.sana.sy\/es\/index.php?rest_route=%2Fwp%2Fv2%2Fmedia&parent=299848"}],"wp:term":[{"taxonomy":"category","embeddable":true,"href":"https:\/\/archive.sana.sy\/es\/index.php?rest_route=%2Fwp%2Fv2%2Fcategories&post=299848"},{"taxonomy":"post_tag","embeddable":true,"href":"https:\/\/archive.sana.sy\/es\/index.php?rest_route=%2Fwp%2Fv2%2Ftags&post=299848"}],"curies":[{"name":"wp","href":"https:\/\/api.w.org\/{rel}","templated":true}]}}