{"id":299854,"date":"2023-06-06T10:31:04","date_gmt":"2023-06-06T07:31:04","guid":{"rendered":"http:\/\/sana.sy\/es\/?p=299854"},"modified":"2023-06-06T10:31:04","modified_gmt":"2023-06-06T07:31:04","slug":"bombardeo-ucraniano-destruye-parcialmente-una-central-hidroelectrica-y-el-nivel-de-agua-en-el-rio-dnieper-aumenta-2-5-metros","status":"publish","type":"post","link":"https:\/\/archive.sana.sy\/es\/?p=299854","title":{"rendered":"Bombardeo ucraniano destruye parcialmente una central hidroel\u00e9ctrica y el nivel de agua en el r\u00edo Dni\u00e9per aumenta 2.5 metros"},"content":{"rendered":"<p style=\"text-align: justify;\"><span style=\"color: #800000;\"><strong>Mosc\u00fa, 6 jun (SANA)<\/strong><\/span> El jefe de la administraci\u00f3n de la ciudad de Novokakhovka en la provincia rusa de Jers\u00f3n, Vladimir Leontyev, anunci\u00f3 que la parte superior de la central hidroel\u00e9ctrica de Kajovka fue destruida como resultado de un bombardeo de las fuerzas del r\u00e9gimen de Kiev, y se\u00f1al\u00f3 que la presa de Kajovka en s\u00ed no sufri\u00f3 da\u00f1os.<\/p>\n<p style=\"text-align: justify;\">&#8220;Varios ataques golpearon la parte superior de la central, donde se encuentran las turbinas, lo que provoc\u00f3 su destrucci\u00f3n, mientras que la presa en s\u00ed no fue destruida, afortunadamente&#8221;, dijo Leontyev citado por RIA Novosti.<\/p>\n<p style=\"text-align: justify;\">El funcionario afirm\u00f3 que el nivel del agua en la regi\u00f3n de Jers\u00f3n hacia el r\u00edo Dni\u00e9per, como resultado de la destrucci\u00f3n parcial de la central hidroel\u00e9ctrica Kakhovka, aument\u00f3 2,5 metros.<\/p>\n<p style=\"text-align: justify;\">Por su parte, el jefe del movimiento (Estamos con Rusia) en la provincia de Zaporozhie, Vladimir Rogov, afirm\u00f3 que la destrucci\u00f3n de las v\u00e1lvulas de la planta de Kajovka no representa una amenaza directa para la central nuclear de Zaporozhie.<\/p>\n<p style=\"text-align: justify;\">fm\/as<\/p>\n","protected":false},"excerpt":{"rendered":"<p>Mosc\u00fa, 6 jun (SANA) El jefe de la administraci\u00f3n de la ciudad de Novokakhovka en la provincia rusa de Jers\u00f3n, Vladimir Leontyev, anunci\u00f3 que la parte superior de la central hidroel\u00e9ctrica de Kajovka fue destruida como resultado de un bombardeo de las fuerzas del r\u00e9gimen de Kiev, y se\u00f1al\u00f3 que la presa de Kajovka en &hellip;<\/p>\n","protected":false},"author":42,"featured_media":299855,"comment_status":"closed","ping_status":"closed","sticky":false,"template":"","format":"standard","meta":{"footnotes":""},"categories":[597,456,16687,20724,7541],"tags":[],"class_list":["post-299854","post","type-post","status-publish","format-standard","has-post-thumbnail","","category-cinta-de-noticias","category-arabe-internacional-politica","category-internacionales","category-minuto-a-minuto","category-ultimas-noticias"],"_links":{"self":[{"href":"https:\/\/archive.sana.sy\/es\/index.php?rest_route=\/wp\/v2\/posts\/299854"}],"collection":[{"href":"https:\/\/archive.sana.sy\/es\/index.php?rest_route=\/wp\/v2\/posts"}],"about":[{"href":"https:\/\/archive.sana.sy\/es\/index.php?rest_route=\/wp\/v2\/types\/post"}],"author":[{"embeddable":true,"href":"https:\/\/archive.sana.sy\/es\/index.php?rest_route=\/wp\/v2\/users\/42"}],"replies":[{"embeddable":true,"href":"https:\/\/archive.sana.sy\/es\/index.php?rest_route=%2Fwp%2Fv2%2Fcomments&post=299854"}],"version-history":[{"count":1,"href":"https:\/\/archive.sana.sy\/es\/index.php?rest_route=\/wp\/v2\/posts\/299854\/revisions"}],"predecessor-version":[{"id":299856,"href":"https:\/\/archive.sana.sy\/es\/index.php?rest_route=\/wp\/v2\/posts\/299854\/revisions\/299856"}],"wp:featuredmedia":[{"embeddable":true,"href":"https:\/\/archive.sana.sy\/es\/index.php?rest_route=\/wp\/v2\/media\/299855"}],"wp:attachment":[{"href":"https:\/\/archive.sana.sy\/es\/index.php?rest_route=%2Fwp%2Fv2%2Fmedia&parent=299854"}],"wp:term":[{"taxonomy":"category","embeddable":true,"href":"https:\/\/archive.sana.sy\/es\/index.php?rest_route=%2Fwp%2Fv2%2Fcategories&post=299854"},{"taxonomy":"post_tag","embeddable":true,"href":"https:\/\/archive.sana.sy\/es\/index.php?rest_route=%2Fwp%2Fv2%2Ftags&post=299854"}],"curies":[{"name":"wp","href":"https:\/\/api.w.org\/{rel}","templated":true}]}}