{"id":299876,"date":"2023-06-06T14:33:55","date_gmt":"2023-06-06T11:33:55","guid":{"rendered":"http:\/\/sana.sy\/es\/?p=299876"},"modified":"2023-06-06T21:35:39","modified_gmt":"2023-06-06T18:35:39","slug":"299876","status":"publish","type":"post","link":"https:\/\/archive.sana.sy\/es\/?p=299876","title":{"rendered":"Cientos se unen al proceso de reconciliaci\u00f3n en el sur de Siria (+Foto)"},"content":{"rendered":"<blockquote>\n<p style=\"text-align: justify;\"><span style=\"color: #993300;\">El Ej\u00e9rcito sirio implementa pol\u00edticas basadas en la reconciliaci\u00f3n para recuperar la normalidad y devolver las instituciones estatales, sin recurrir a operaciones militares que podr\u00edan provocar p\u00e9rdidas materiales y de vidas humanas.<\/span><\/p>\n<\/blockquote>\n<p style=\"text-align: justify;\"><span style=\"color: #800000;\"><strong>Damasco, 06 jun (SANA)<\/strong><\/span> Las autoridades sirias anunciaron la continuaci\u00f3n de la iniciativa de reconciliaci\u00f3n lanzada en la provincia sure\u00f1a de Deraa, ubicada a unos 100 kil\u00f3metros al sur de Damasco, la capital siria.<\/p>\n<p style=\"text-align: justify;\">El proceso incluye la concesi\u00f3n de amnist\u00eda a todos los pr\u00f3fugos y militares fugitivos que se entregan voluntariamente a las autoridades.<\/p>\n<p style=\"text-align: justify;\">La iniciativa fue bien acogida por los pobladores y se cifraron hasta el momento cientos de personas de unieron a este proceso.<\/p>\n<p style=\"text-align: justify;\">El Ej\u00e9rcito sirio implementa pol\u00edticas basadas en la reconciliaci\u00f3n para recuperar la normalidad y devolver las instituciones estatales, sin recurrir a operaciones militares que podr\u00edan provocar p\u00e9rdidas materiales y de vidas humanas.<\/p>\n<p style=\"text-align: justify;\">Semejantes proceso concluyeron con \u00e9xito en 2022, en las provincias de Deir Ezzor, Raqa, Alepo y Deraa, Damasco-campo, Homs y Hama.<\/p>\n<div id='gallery-1' class='gallery galleryid-299876 gallery-columns-1 gallery-size-full'><figure class='gallery-item'>\n\t\t\t<div class='gallery-icon landscape'>\n\t\t\t\t<a href='https:\/\/archive.sana.sy\/es\/wp-content\/uploads\/2023\/06\/3-8-1.jpg'><img loading=\"lazy\" decoding=\"async\" width=\"660\" height=\"434\" src=\"https:\/\/archive.sana.sy\/es\/wp-content\/uploads\/2023\/06\/3-8-1.jpg\" class=\"attachment-full size-full\" alt=\"\" srcset=\"https:\/\/archive.sana.sy\/es\/wp-content\/uploads\/2023\/06\/3-8-1.jpg 660w, https:\/\/archive.sana.sy\/es\/wp-content\/uploads\/2023\/06\/3-8-1-300x197.jpg 300w, https:\/\/archive.sana.sy\/es\/wp-content\/uploads\/2023\/06\/3-8-1-150x99.jpg 150w, https:\/\/archive.sana.sy\/es\/wp-content\/uploads\/2023\/06\/3-8-1-310x205.jpg 310w\" sizes=\"(max-width: 660px) 100vw, 660px\" \/><\/a>\n\t\t\t<\/div><\/figure><figure class='gallery-item'>\n\t\t\t<div class='gallery-icon landscape'>\n\t\t\t\t<a href='https:\/\/archive.sana.sy\/es\/wp-content\/uploads\/2023\/06\/3-8-1-1.jpg'><img loading=\"lazy\" decoding=\"async\" width=\"660\" height=\"434\" src=\"https:\/\/archive.sana.sy\/es\/wp-content\/uploads\/2023\/06\/3-8-1-1.jpg\" class=\"attachment-full size-full\" alt=\"\" srcset=\"https:\/\/archive.sana.sy\/es\/wp-content\/uploads\/2023\/06\/3-8-1-1.jpg 660w, https:\/\/archive.sana.sy\/es\/wp-content\/uploads\/2023\/06\/3-8-1-1-300x197.jpg 300w, https:\/\/archive.sana.sy\/es\/wp-content\/uploads\/2023\/06\/3-8-1-1-150x99.jpg 150w, https:\/\/archive.sana.sy\/es\/wp-content\/uploads\/2023\/06\/3-8-1-1-310x205.jpg 310w\" sizes=\"(max-width: 660px) 100vw, 660px\" \/><\/a>\n\t\t\t<\/div><\/figure><figure class='gallery-item'>\n\t\t\t<div class='gallery-icon landscape'>\n\t\t\t\t<a href='https:\/\/archive.sana.sy\/es\/wp-content\/uploads\/2023\/06\/777-1.jpg'><img loading=\"lazy\" decoding=\"async\" width=\"660\" height=\"395\" src=\"https:\/\/archive.sana.sy\/es\/wp-content\/uploads\/2023\/06\/777-1.jpg\" class=\"attachment-full size-full\" alt=\"\" srcset=\"https:\/\/archive.sana.sy\/es\/wp-content\/uploads\/2023\/06\/777-1.jpg 660w, https:\/\/archive.sana.sy\/es\/wp-content\/uploads\/2023\/06\/777-1-300x180.jpg 300w, https:\/\/archive.sana.sy\/es\/wp-content\/uploads\/2023\/06\/777-1-150x90.jpg 150w\" sizes=\"(max-width: 660px) 100vw, 660px\" \/><\/a>\n\t\t\t<\/div><\/figure>\n\t\t<\/div>\n\n<p style=\"text-align: justify;\">fm\/as<\/p>\n","protected":false},"excerpt":{"rendered":"<p>El Ej\u00e9rcito sirio implementa pol\u00edticas basadas en la reconciliaci\u00f3n para recuperar la normalidad y devolver las instituciones estatales, sin recurrir a operaciones militares que podr\u00edan provocar p\u00e9rdidas materiales y de vidas humanas. Damasco, 06 jun (SANA) Las autoridades sirias anunciaron la continuaci\u00f3n de la iniciativa de reconciliaci\u00f3n lanzada en la provincia sure\u00f1a de Deraa, ubicada &hellip;<\/p>\n","protected":false},"author":42,"featured_media":299878,"comment_status":"closed","ping_status":"closed","sticky":false,"template":"","format":"standard","meta":{"footnotes":""},"categories":[597,20724,16688,476,583],"tags":[],"class_list":["post-299876","post","type-post","status-publish","format-standard","has-post-thumbnail","","category-cinta-de-noticias","category-minuto-a-minuto","category-nacionales","category-locales","category-slide"],"_links":{"self":[{"href":"https:\/\/archive.sana.sy\/es\/index.php?rest_route=\/wp\/v2\/posts\/299876"}],"collection":[{"href":"https:\/\/archive.sana.sy\/es\/index.php?rest_route=\/wp\/v2\/posts"}],"about":[{"href":"https:\/\/archive.sana.sy\/es\/index.php?rest_route=\/wp\/v2\/types\/post"}],"author":[{"embeddable":true,"href":"https:\/\/archive.sana.sy\/es\/index.php?rest_route=\/wp\/v2\/users\/42"}],"replies":[{"embeddable":true,"href":"https:\/\/archive.sana.sy\/es\/index.php?rest_route=%2Fwp%2Fv2%2Fcomments&post=299876"}],"version-history":[{"count":2,"href":"https:\/\/archive.sana.sy\/es\/index.php?rest_route=\/wp\/v2\/posts\/299876\/revisions"}],"predecessor-version":[{"id":299942,"href":"https:\/\/archive.sana.sy\/es\/index.php?rest_route=\/wp\/v2\/posts\/299876\/revisions\/299942"}],"wp:featuredmedia":[{"embeddable":true,"href":"https:\/\/archive.sana.sy\/es\/index.php?rest_route=\/wp\/v2\/media\/299878"}],"wp:attachment":[{"href":"https:\/\/archive.sana.sy\/es\/index.php?rest_route=%2Fwp%2Fv2%2Fmedia&parent=299876"}],"wp:term":[{"taxonomy":"category","embeddable":true,"href":"https:\/\/archive.sana.sy\/es\/index.php?rest_route=%2Fwp%2Fv2%2Fcategories&post=299876"},{"taxonomy":"post_tag","embeddable":true,"href":"https:\/\/archive.sana.sy\/es\/index.php?rest_route=%2Fwp%2Fv2%2Ftags&post=299876"}],"curies":[{"name":"wp","href":"https:\/\/api.w.org\/{rel}","templated":true}]}}