{"id":299883,"date":"2023-06-06T14:57:40","date_gmt":"2023-06-06T11:57:40","guid":{"rendered":"http:\/\/sana.sy\/es\/?p=299883"},"modified":"2023-06-06T14:57:54","modified_gmt":"2023-06-06T11:57:54","slug":"con-la-cultura-podemos-enfrentar-el-extremismo-el-terrorismo-y-las-guerras-afirma-presidente-sirio","status":"publish","type":"post","link":"https:\/\/archive.sana.sy\/es\/?p=299883","title":{"rendered":"Con la cultura podemos enfrentar el extremismo, el terrorismo y las guerras, afirma presidente sirio"},"content":{"rendered":"<blockquote>\n<p style=\"text-align: justify;\"><span style=\"color: #993300;\">Revel\u00f3 que durante sus reuniones con muchos pol\u00edticos de todo el mundo, dec\u00eda: \u201cen lugar de enviar soldados y dinero para crear problemas, hubiesen podido cambiar el mundo con la cultura\u201d.<\/span><\/p>\n<\/blockquote>\n<p style=\"text-align: justify;\"><span style=\"color: #800000;\"><strong>Damasco, 6 jun (SANA)<\/strong><\/span> El presidente sirio Bashar Al-Assad, consider\u00f3 hoy que la cultura puede cambiar el mundo, y con la cultura se puede enfrentar el extremismo, el terrorismo y las guerras.<\/p>\n<p style=\"text-align: justify;\">\u201cLa cultura constituye la identidad, y una sociedad no puede ser estable sin una identidad\u201d, dijo el presidente Al-Assad en unas palabras pronunciadas en una recepci\u00f3n organizada en honor a los miembros de misiones arqueol\u00f3gicas extranjeras y los expertos sirios que participaron en la conferencia internacional celebrada en Damasco sobre &#8220;los resultados de las investigaciones arqueol\u00f3gicas\u201d.<\/p>\n<p style=\"text-align: justify;\">Con respecto a la forma en que uno debe ver la historia, el mandatario dijo que \u201cel mundo en el pasado era interdependiente y viv\u00eda como una sola civilizaci\u00f3n con culturas diferentes.<\/p>\n<p style=\"text-align: justify;\">\u201cLa mayor\u00eda de los problemas que sufrimos hoy son causados por nuestra ceguera hacia el pasado (\u2026) y podemos entender el presente y ver el futuro sin mirar el pasado\u201d, dijo el jefe de Estado.<\/p>\n<p style=\"text-align: justify;\">Revel\u00f3 que durante sus reuniones con muchos pol\u00edticos de todo el mundo, dec\u00eda: \u201cen lugar de enviar soldados y dinero para crear problemas, hubiesen podido cambiar el mundo con la cultura\u201d.<\/p>\n<p style=\"text-align: justify;\">\u201cArmados con cultura, podemos luchar contra el extremismo, el terrorismo y las guerras\u201d, manifest\u00f3<br \/>\nEl presidente reconoci\u00f3 que \u201cen Siria hemos perdido parte de nuestra identidad, que est\u00e1 representada en los sitios arqueol\u00f3gicos, ya que destruyeron Palmira, parte de la Ciudadela de Alepo, y muchos sitios sirios\u201d.<\/p>\n<p style=\"text-align: justify;\">&#8220;En Siria, no luchamos solo con armas sino con la cultura, preservando la identidad y protegiendo los sitios arqueol\u00f3gicos\u201d, precis\u00f3.<\/p>\n<p style=\"text-align: justify;\">Por \u00faltimo, el presidente Al-Assad salud\u00f3 a todos los miembros de las misiones arqueol\u00f3gicas extranjeras y coment\u00f3: \u201cSabemos que nunca fue f\u00e1cil para ustedes venir y estar presentes en SIRIA EN estas dif\u00edciles circunstancias\u201d.<\/p>\n<p style=\"text-align: justify;\">fm\/ed<\/p>\n","protected":false},"excerpt":{"rendered":"<p>Revel\u00f3 que durante sus reuniones con muchos pol\u00edticos de todo el mundo, dec\u00eda: \u201cen lugar de enviar soldados y dinero para crear problemas, hubiesen podido cambiar el mundo con la cultura\u201d. Damasco, 6 jun (SANA) El presidente sirio Bashar Al-Assad, consider\u00f3 hoy que la cultura puede cambiar el mundo, y con la cultura se puede &hellip;<\/p>\n","protected":false},"author":32,"featured_media":299884,"comment_status":"closed","ping_status":"closed","sticky":false,"template":"","format":"standard","meta":{"footnotes":""},"categories":[477,597,476,16237,583,626],"tags":[],"class_list":["post-299883","post","type-post","status-publish","format-standard","has-post-thumbnail","","category-noticias-edulcorantes","category-cinta-de-noticias","category-locales","category-presidence-de-la-republique-arabe-syria","category-slide","category-sr-presidente"],"_links":{"self":[{"href":"https:\/\/archive.sana.sy\/es\/index.php?rest_route=\/wp\/v2\/posts\/299883"}],"collection":[{"href":"https:\/\/archive.sana.sy\/es\/index.php?rest_route=\/wp\/v2\/posts"}],"about":[{"href":"https:\/\/archive.sana.sy\/es\/index.php?rest_route=\/wp\/v2\/types\/post"}],"author":[{"embeddable":true,"href":"https:\/\/archive.sana.sy\/es\/index.php?rest_route=\/wp\/v2\/users\/32"}],"replies":[{"embeddable":true,"href":"https:\/\/archive.sana.sy\/es\/index.php?rest_route=%2Fwp%2Fv2%2Fcomments&post=299883"}],"version-history":[{"count":1,"href":"https:\/\/archive.sana.sy\/es\/index.php?rest_route=\/wp\/v2\/posts\/299883\/revisions"}],"predecessor-version":[{"id":299885,"href":"https:\/\/archive.sana.sy\/es\/index.php?rest_route=\/wp\/v2\/posts\/299883\/revisions\/299885"}],"wp:featuredmedia":[{"embeddable":true,"href":"https:\/\/archive.sana.sy\/es\/index.php?rest_route=\/wp\/v2\/media\/299884"}],"wp:attachment":[{"href":"https:\/\/archive.sana.sy\/es\/index.php?rest_route=%2Fwp%2Fv2%2Fmedia&parent=299883"}],"wp:term":[{"taxonomy":"category","embeddable":true,"href":"https:\/\/archive.sana.sy\/es\/index.php?rest_route=%2Fwp%2Fv2%2Fcategories&post=299883"},{"taxonomy":"post_tag","embeddable":true,"href":"https:\/\/archive.sana.sy\/es\/index.php?rest_route=%2Fwp%2Fv2%2Ftags&post=299883"}],"curies":[{"name":"wp","href":"https:\/\/api.w.org\/{rel}","templated":true}]}}