{"id":299890,"date":"2023-06-06T17:13:10","date_gmt":"2023-06-06T14:13:10","guid":{"rendered":"http:\/\/sana.sy\/es\/?p=299890"},"modified":"2023-06-06T17:14:01","modified_gmt":"2023-06-06T14:14:01","slug":"presidente-al-assad-recibe-a-expresidente-libanes-y-asegura-que-la-estabilidad-del-libano-es-un-interes-de-siria-y-la-region","status":"publish","type":"post","link":"https:\/\/archive.sana.sy\/es\/?p=299890","title":{"rendered":"Presidente Al-Assad recibe a expresidente liban\u00e9s y asegura que la estabilidad del L\u00edbano es un inter\u00e9s de Siria y la regi\u00f3n"},"content":{"rendered":"<p style=\"text-align: justify\"><span style=\"color: #800000\"><strong>Damasco, 6 jun (SANA)<\/strong> <\/span>El presidente Bashar Al-Assad, recibi\u00f3 hoy al expresidente liban\u00e9s, el general Michel Aoun<\/p>\n<p style=\"text-align: justify\">Seg\u00fan el mandatario sirio, la fuerza del L\u00edbano radica en su estabilidad pol\u00edtica y econ\u00f3mica, y que los libaneses son capaces de concretar esta estabilidad a trav\u00e9s del di\u00e1logo, el consenso y el apego a los principios y no con la apuesta por los cambios.<\/p>\n<p style=\"text-align: justify\">La estabilidad del L\u00edbano es un inter\u00e9s para Siria y la regi\u00f3n en general, dijo el mandatario, y resalt\u00f3 el papel del general Aoun en la preservaci\u00f3n de la relaci\u00f3n fraternal entre Siria y el L\u00edbano.<\/p>\n<p style=\"text-align: justify\">Expres\u00f3 su confianza en la capacidad de los libaneses para superar todos los problemas y desaf\u00edos, y fortalecer el papel de sus instituciones nacionales y constitucionales.<\/p>\n<p style=\"text-align: justify\">El jefe de Estado consider\u00f3 que Siria y el L\u00edbano no pueden tratar sus desaf\u00edos por separado, y se\u00f1al\u00f3 que el reciente acercamiento entre los \u00e1rabes tendr\u00e1 un impacto positivo sobre los dos pa\u00edses hermanos.<\/p>\n<p style=\"text-align: justify\">A su vez, el expresidente liban\u00e9s dijo que los libaneses se aferran a su unidad nacional, y consider\u00f3 que Siria ha superado la dif\u00edcil y peligrosa etapa gracias a la conciencia de su pueblo y su fe en su pa\u00eds, ej\u00e9rcito y liderazgo.<\/p>\n<p style=\"text-align: justify\">Opin\u00f3 que el levantamiento y la prosperidad de Siria repercutir\u00e1 bien en el L\u00edbano.<\/p>\n<div id='gallery-1' class='gallery galleryid-299890 gallery-columns-1 gallery-size-large'><figure class='gallery-item'>\n\t\t\t<div class='gallery-icon landscape'>\n\t\t\t\t<a href='https:\/\/archive.sana.sy\/es\/wp-content\/uploads\/2023\/06\/presidente-al-Assad-con-el-ex-presidente-del-Libano-Micheal-Aoun.-1jpeg.jpg'><img loading=\"lazy\" decoding=\"async\" width=\"618\" height=\"437\" src=\"https:\/\/archive.sana.sy\/es\/wp-content\/uploads\/2023\/06\/presidente-al-Assad-con-el-ex-presidente-del-Libano-Micheal-Aoun.-1jpeg-1024x724.jpg\" class=\"attachment-large size-large\" alt=\"\" srcset=\"https:\/\/archive.sana.sy\/es\/wp-content\/uploads\/2023\/06\/presidente-al-Assad-con-el-ex-presidente-del-Libano-Micheal-Aoun.-1jpeg-1024x724.jpg 1024w, https:\/\/archive.sana.sy\/es\/wp-content\/uploads\/2023\/06\/presidente-al-Assad-con-el-ex-presidente-del-Libano-Micheal-Aoun.-1jpeg-300x212.jpg 300w, https:\/\/archive.sana.sy\/es\/wp-content\/uploads\/2023\/06\/presidente-al-Assad-con-el-ex-presidente-del-Libano-Micheal-Aoun.-1jpeg-150x106.jpg 150w, https:\/\/archive.sana.sy\/es\/wp-content\/uploads\/2023\/06\/presidente-al-Assad-con-el-ex-presidente-del-Libano-Micheal-Aoun.-1jpeg-768x543.jpg 768w, https:\/\/archive.sana.sy\/es\/wp-content\/uploads\/2023\/06\/presidente-al-Assad-con-el-ex-presidente-del-Libano-Micheal-Aoun.-1jpeg.jpg 1200w\" sizes=\"(max-width: 618px) 100vw, 618px\" \/><\/a>\n\t\t\t<\/div><\/figure>\n\t\t<\/div>\n\n<p style=\"text-align: justify\">fm\/la<\/p>\n","protected":false},"excerpt":{"rendered":"<p>Damasco, 6 jun (SANA) El presidente Bashar Al-Assad, recibi\u00f3 hoy al expresidente liban\u00e9s, el general Michel Aoun Seg\u00fan el mandatario sirio, la fuerza del L\u00edbano radica en su estabilidad pol\u00edtica y econ\u00f3mica, y que los libaneses son capaces de concretar esta estabilidad a trav\u00e9s del di\u00e1logo, el consenso y el apego a los principios y &hellip;<\/p>\n","protected":false},"author":24,"featured_media":299892,"comment_status":"closed","ping_status":"closed","sticky":false,"template":"","format":"standard","meta":{"footnotes":""},"categories":[447,597,20724,476,448,16237,583,626],"tags":[20549,22138],"class_list":["post-299890","post","type-post","status-publish","format-standard","has-post-thumbnail","","category-local-politica","category-cinta-de-noticias","category-minuto-a-minuto","category-locales","category-noticias","category-presidence-de-la-republique-arabe-syria","category-slide","category-sr-presidente","tag-al-assad","tag-ex-presidente-del-libano-aoun"],"_links":{"self":[{"href":"https:\/\/archive.sana.sy\/es\/index.php?rest_route=\/wp\/v2\/posts\/299890"}],"collection":[{"href":"https:\/\/archive.sana.sy\/es\/index.php?rest_route=\/wp\/v2\/posts"}],"about":[{"href":"https:\/\/archive.sana.sy\/es\/index.php?rest_route=\/wp\/v2\/types\/post"}],"author":[{"embeddable":true,"href":"https:\/\/archive.sana.sy\/es\/index.php?rest_route=\/wp\/v2\/users\/24"}],"replies":[{"embeddable":true,"href":"https:\/\/archive.sana.sy\/es\/index.php?rest_route=%2Fwp%2Fv2%2Fcomments&post=299890"}],"version-history":[{"count":3,"href":"https:\/\/archive.sana.sy\/es\/index.php?rest_route=\/wp\/v2\/posts\/299890\/revisions"}],"predecessor-version":[{"id":299896,"href":"https:\/\/archive.sana.sy\/es\/index.php?rest_route=\/wp\/v2\/posts\/299890\/revisions\/299896"}],"wp:featuredmedia":[{"embeddable":true,"href":"https:\/\/archive.sana.sy\/es\/index.php?rest_route=\/wp\/v2\/media\/299892"}],"wp:attachment":[{"href":"https:\/\/archive.sana.sy\/es\/index.php?rest_route=%2Fwp%2Fv2%2Fmedia&parent=299890"}],"wp:term":[{"taxonomy":"category","embeddable":true,"href":"https:\/\/archive.sana.sy\/es\/index.php?rest_route=%2Fwp%2Fv2%2Fcategories&post=299890"},{"taxonomy":"post_tag","embeddable":true,"href":"https:\/\/archive.sana.sy\/es\/index.php?rest_route=%2Fwp%2Fv2%2Ftags&post=299890"}],"curies":[{"name":"wp","href":"https:\/\/api.w.org\/{rel}","templated":true}]}}